{"id":636,"date":"2025-06-12T17:49:14","date_gmt":"2025-06-12T15:49:14","guid":{"rendered":"https:\/\/kraftdjur.com\/?p=636"},"modified":"2025-07-10T17:07:25","modified_gmt":"2025-07-10T15:07:25","slug":"spindeln","status":"publish","type":"post","link":"https:\/\/kraftdjur.com\/index.php\/2025\/06\/12\/spindeln\/","title":{"rendered":"Spindeln \u2b50\ufe0f"},"content":{"rendered":"\n<p><strong>SPINDELN &#8211; kreativitet, skapa ditt liv, v\u00e4ktare<\/strong><\/p>\n\n\n\n<p>Spindeln sa:<\/p>\n\n\n\n<p>M\u00e5nga m\u00e4nniskor \u00e4r v\u00e4ldigt r\u00e4dda f\u00f6r oss spindlar, men vi \u00e4r faktiskt nyttodjur. Vi f\u00e5ngar v\u00e4ldigt mycket flygf\u00e4n som annars skulle irritera dig. Alla spindlar har ett gift, men det \u00e4r v\u00e4ldigt f\u00e5 arter som har ett s\u00e5 strakt gift att en m\u00e4nniska blir p\u00e5verkad av det. Giftet anv\u00e4nder vi f\u00f6r att bed\u00f6va v\u00e5ra offer som fastnar i v\u00e5ra n\u00e4t.<\/p>\n\n\n\n<p>Det finns m\u00e5nga sagor, s\u00e4gner i folktron som \u00e4r kopplade till oss spindlar. Vem har inte h\u00f6rt uttrycket att om man d\u00f6dar en spindel blir regn eller d\u00e5ligt v\u00e4der. Du har v\u00e4l inte gl\u00f6mt den gamla barns\u00e5ngen om &#8220;Imse Vimse Spindel kl\u00e4ttrar upp f\u00f6r tr\u00e5n&#8221; som \u00e4ven den \u00e4r kopplad till v\u00e4dret.<\/p>\n\n\n\n<p>I nordisk folktro, framf\u00f6r allt under medeltiden, har vi spindlar ibland haft olika betydelser. Den viktigaste betydelsen var trots allt att om det f\u00f6rsta djuret du s\u00e5g p\u00e5 morgonen var en&nbsp;spindel var det&nbsp;lyckotecken.&nbsp;<\/p>\n\n\n\n<p>De flesta av oss spindlar \u00e4r m\u00e4stare p\u00e5 att v\u00e4va n\u00e4t, stora vackra n\u00e4t. D\u00e4rf\u00f6r kopplas vi till skapandets kraft, b\u00e5de konstn\u00e4rligt skapande och livets v\u00e4v i stort. Vi vill p\u00e5minna dig om att det \u00e4r du sj\u00e4lv som v\u00e4ver ditt \u00f6de och har makt att forma ditt liv. S\u00e5 l\u00e5t din egen inre kraft och kreativitet v\u00e4xa sig stark liksom mitt n\u00e4t.<\/p>\n\n\n\n<p>Jag vaktar hela tiden mitt n\u00e4t och om n\u00e5gon tr\u00e5d g\u00e5r s\u00f6der lagar jag det s\u00e5 fort jag kan. Det ska \u00e4ven du g\u00f6ra, vakta ditt inre n\u00e4t av livskraft och kreativitet. Om n\u00e5gon s\u00e5rar dig, s\u00e4g ifr\u00e5n och se sedan till att laga dig sj\u00e4lv. Du \u00e4r lika stark som mitt spindeln\u00e4t.<\/p>\n\n\n\n<p>N\u00e4r helst du beh\u00f6ver min energi s\u00e5 ska du se mig eller mitt n\u00e4t och hela ditt inre ska fyllas med min, Spindelns kraft.<\/p>\n\n\n\n<p>\u2b50\ufe0fDen gula klanen st\u00e5r f\u00f6r: sinnet, tron, luft, gult, v\u00e5r, \u00f6ster, \u00f6ppna ytor, f\u00e4lt, \u00e5krar, str\u00e4nder, hagar, dr\u00f6mmar, visioner, lek, gl\u00e4dje, lugn, f\u00f6delse, s\u00e5 fr\u00f6n\u2b50\ufe0f<\/p>\n\n\n\n<figure class=\"wp-block-image size-full\"><img loading=\"lazy\" decoding=\"async\" width=\"1024\" height=\"1024\" src=\"https:\/\/kraftdjur.com\/wp-content\/uploads\/2025\/06\/Spindeln.jpg\" alt=\"\" class=\"wp-image-637\" srcset=\"https:\/\/kraftdjur.com\/wp-content\/uploads\/2025\/06\/Spindeln.jpg 1024w, https:\/\/kraftdjur.com\/wp-content\/uploads\/2025\/06\/Spindeln-300x300.jpg 300w, https:\/\/kraftdjur.com\/wp-content\/uploads\/2025\/06\/Spindeln-150x150.jpg 150w, https:\/\/kraftdjur.com\/wp-content\/uploads\/2025\/06\/Spindeln-768x768.jpg 768w\" sizes=\"auto, (max-width: 1024px) 100vw, 1024px\" \/><\/figure>\n","protected":false},"excerpt":{"rendered":"<p>SPINDELN &#8211; kreativitet, skapa ditt liv, v\u00e4ktare Spindeln sa: M\u00e5nga m\u00e4nniskor \u00e4r v\u00e4ldigt r\u00e4dda f\u00f6r oss spindlar, men vi \u00e4r faktiskt nyttodjur. Vi f\u00e5ngar v\u00e4ldigt mycket flygf\u00e4n som annars skulle &hellip; <\/p>\n","protected":false},"author":1,"featured_media":637,"comment_status":"open","ping_status":"open","sticky":false,"template":"","format":"standard","meta":{"footnotes":""},"categories":[10],"tags":[22],"class_list":["post-636","post","type-post","status-publish","format-standard","has-post-thumbnail","hentry","category-insekter","tag-gula-klanen"],"_links":{"self":[{"href":"https:\/\/kraftdjur.com\/index.php\/wp-json\/wp\/v2\/posts\/636","targetHints":{"allow":["GET"]}}],"collection":[{"href":"https:\/\/kraftdjur.com\/index.php\/wp-json\/wp\/v2\/posts"}],"about":[{"href":"https:\/\/kraftdjur.com\/index.php\/wp-json\/wp\/v2\/types\/post"}],"author":[{"embeddable":true,"href":"https:\/\/kraftdjur.com\/index.php\/wp-json\/wp\/v2\/users\/1"}],"replies":[{"embeddable":true,"href":"https:\/\/kraftdjur.com\/index.php\/wp-json\/wp\/v2\/comments?post=636"}],"version-history":[{"count":5,"href":"https:\/\/kraftdjur.com\/index.php\/wp-json\/wp\/v2\/posts\/636\/revisions"}],"predecessor-version":[{"id":677,"href":"https:\/\/kraftdjur.com\/index.php\/wp-json\/wp\/v2\/posts\/636\/revisions\/677"}],"wp:featuredmedia":[{"embeddable":true,"href":"https:\/\/kraftdjur.com\/index.php\/wp-json\/wp\/v2\/media\/637"}],"wp:attachment":[{"href":"https:\/\/kraftdjur.com\/index.php\/wp-json\/wp\/v2\/media?parent=636"}],"wp:term":[{"taxonomy":"category","embeddable":true,"href":"https:\/\/kraftdjur.com\/index.php\/wp-json\/wp\/v2\/categories?post=636"},{"taxonomy":"post_tag","embeddable":true,"href":"https:\/\/kraftdjur.com\/index.php\/wp-json\/wp\/v2\/tags?post=636"}],"curies":[{"name":"wp","href":"https:\/\/api.w.org\/{rel}","templated":true}]}}