{"id":587,"date":"2025-03-26T16:48:11","date_gmt":"2025-03-26T15:48:11","guid":{"rendered":"https:\/\/kraftdjur.com\/?p=587"},"modified":"2025-07-10T17:10:03","modified_gmt":"2025-07-10T15:10:03","slug":"pafageln","status":"publish","type":"post","link":"https:\/\/kraftdjur.com\/index.php\/2025\/03\/26\/pafageln\/","title":{"rendered":"P\u00e5f\u00e5geln \u2764\ufe0f"},"content":{"rendered":"\n<p><strong>P\u00c5F\u00c5GELN &#8211; m\u00f6jligheter, inre styrka, sk\u00f6nhet<\/strong><\/p>\n\n\n\n<p>P\u00e5f\u00e5geln sa:<\/p>\n\n\n\n<p>Vi P\u00e5f\u00e5glar h\u00e4rstammar fr\u00e5n Indien och Sri Lanka d\u00e4r vi levde i stora flockar p\u00e5 30 till 50 individer i djungeln. Det \u00e4r inte k\u00e4nt n\u00e4r vi P\u00e5f\u00e5glar kom till Europa men redan 500 \u00e5r f\u00f6re Kristus finns vi omn\u00e4mnda i skrifter fr\u00e5n Grekland. Sedan dess har vi fortsatt att f\u00f6r\u00f6ka oss i f\u00e5ngenskap i hela Europa, b\u00e5de f\u00f6r v\u00e5r sk\u00f6nhets skull men \u00e4ven f\u00f6r att hamna p\u00e5 matborden. I Indien \u00e4r vi ett heligt djur och sedan 1963 \u00e4r vi landets nationalf\u00e5gel.<\/p>\n\n\n\n<p>Inom m\u00e5nga kulturer symboliserar vi fruktbarhet, stolthet, sj\u00e4lvrespekt, gudomlighet, kunglighet, sk\u00f6nhet, k\u00e4rlek, barmh\u00e4rtighet och vaksamhet. Idel positiva egenskaper. Men vi associeras \u00e4ven med pr\u00e5lighet, ytlighet, struttande snobbism och f\u00e5f\u00e4nga. Kanske inte lika positiva attribut.<\/p>\n\n\n\n<p>Det jag, P\u00e5f\u00e5geln, vill s\u00e4ga \u00e4r, att jag \u00e4r symbolen f\u00f6r m\u00f6jligheter.<\/p>\n\n\n\n<p>Min kropp symboliserar din inre k\u00e4rna,&nbsp;&nbsp;din inre styrka och tro p\u00e5 dig sj\u00e4lv. Det \u00e4r d\u00e4r du hittar din stolthet, sj\u00e4lvrespekt och din inre gudomlighet.<\/p>\n\n\n\n<p>Min vackra breda stj\u00e4rten \u00e4r symbolen f\u00f6r alla de v\u00e4gar, d\u00f6rrar och m\u00f6jligheter som ligger framf\u00f6r dig. Genom att anv\u00e4nda mina egenskaper som sk\u00f6nhet (som f\u00f6r \u00f6vrigt ligger i betraktarens \u00f6gon), k\u00e4rlek, barmh\u00e4rtighet och vaksamhet kommer du att v\u00e4lja r\u00e4tt v\u00e4g f\u00f6r dig. Ibland kommer v\u00e4gen du valde visa sig vara en \u00e5terv\u00e4ndsgr\u00e4nd, men det \u00e4r enbart f\u00f6r att du beh\u00f6vde l\u00e4ra dig n\u00e5got. D\u00e5 \u00e4r det bara att \u00e5terv\u00e4nda till din inre k\u00e4rna, blicka ut \u00f6ver mina vackra stj\u00e4rtfj\u00e4drar och v\u00e4lja en ny v\u00e4g, en ny d\u00f6rr att \u00f6ppna och prova dig fram.<\/p>\n\n\n\n<p>Du kommer att hitta din egen v\u00e4g, bara du v\u00e5gar tro p\u00e5 dig sj\u00e4lv och f\u00f6ljer dina dr\u00f6mmar.<\/p>\n\n\n\n<p>N\u00e4r du beh\u00f6ver min energi, se d\u00e5 ett vackert P\u00e5f\u00e5gel\u00f6ga f\u00f6r ditt inre eller se dig sj\u00e4lv i \u00f6gonen i en spegel, och du ska fyllas av P\u00e5f\u00e5gelns vackra energi.<\/p>\n\n\n\n<p>\u2764\ufe0f&nbsp;Den r\u00f6da klanen st\u00e5r f\u00f6r: hj\u00e4rtat, k\u00e4rleken, eld, r\u00f6tt, sommar, s\u00f6der, st\u00e4der, byggnader, ledaren, m\u00e5let, vinna, brinner f\u00f6r, eldsj\u00e4lar, att stimulera, v\u00e4xa, utvecklas\u2764\ufe0f<\/p>\n\n\n\n<figure class=\"wp-block-image size-full\"><img loading=\"lazy\" decoding=\"async\" width=\"1024\" height=\"1024\" src=\"https:\/\/kraftdjur.com\/wp-content\/uploads\/2025\/03\/Pafageln.jpg\" alt=\"\" class=\"wp-image-588\" srcset=\"https:\/\/kraftdjur.com\/wp-content\/uploads\/2025\/03\/Pafageln.jpg 1024w, https:\/\/kraftdjur.com\/wp-content\/uploads\/2025\/03\/Pafageln-300x300.jpg 300w, https:\/\/kraftdjur.com\/wp-content\/uploads\/2025\/03\/Pafageln-150x150.jpg 150w, https:\/\/kraftdjur.com\/wp-content\/uploads\/2025\/03\/Pafageln-768x768.jpg 768w\" sizes=\"auto, (max-width: 1024px) 100vw, 1024px\" \/><\/figure>\n","protected":false},"excerpt":{"rendered":"<p>P\u00c5F\u00c5GELN &#8211; m\u00f6jligheter, inre styrka, sk\u00f6nhet P\u00e5f\u00e5geln sa: Vi P\u00e5f\u00e5glar h\u00e4rstammar fr\u00e5n Indien och Sri Lanka d\u00e4r vi levde i stora flockar p\u00e5 30 till 50 individer i djungeln. Det &hellip; <\/p>\n","protected":false},"author":1,"featured_media":588,"comment_status":"open","ping_status":"open","sticky":false,"template":"","format":"standard","meta":{"footnotes":""},"categories":[25],"tags":[21],"class_list":["post-587","post","type-post","status-publish","format-standard","has-post-thumbnail","hentry","category-tamdjur","tag-roda-klanen"],"_links":{"self":[{"href":"https:\/\/kraftdjur.com\/index.php\/wp-json\/wp\/v2\/posts\/587","targetHints":{"allow":["GET"]}}],"collection":[{"href":"https:\/\/kraftdjur.com\/index.php\/wp-json\/wp\/v2\/posts"}],"about":[{"href":"https:\/\/kraftdjur.com\/index.php\/wp-json\/wp\/v2\/types\/post"}],"author":[{"embeddable":true,"href":"https:\/\/kraftdjur.com\/index.php\/wp-json\/wp\/v2\/users\/1"}],"replies":[{"embeddable":true,"href":"https:\/\/kraftdjur.com\/index.php\/wp-json\/wp\/v2\/comments?post=587"}],"version-history":[{"count":4,"href":"https:\/\/kraftdjur.com\/index.php\/wp-json\/wp\/v2\/posts\/587\/revisions"}],"predecessor-version":[{"id":685,"href":"https:\/\/kraftdjur.com\/index.php\/wp-json\/wp\/v2\/posts\/587\/revisions\/685"}],"wp:featuredmedia":[{"embeddable":true,"href":"https:\/\/kraftdjur.com\/index.php\/wp-json\/wp\/v2\/media\/588"}],"wp:attachment":[{"href":"https:\/\/kraftdjur.com\/index.php\/wp-json\/wp\/v2\/media?parent=587"}],"wp:term":[{"taxonomy":"category","embeddable":true,"href":"https:\/\/kraftdjur.com\/index.php\/wp-json\/wp\/v2\/categories?post=587"},{"taxonomy":"post_tag","embeddable":true,"href":"https:\/\/kraftdjur.com\/index.php\/wp-json\/wp\/v2\/tags?post=587"}],"curies":[{"name":"wp","href":"https:\/\/api.w.org\/{rel}","templated":true}]}}