{"id":517,"date":"2025-03-26T16:09:33","date_gmt":"2025-03-26T15:09:33","guid":{"rendered":"https:\/\/kraftdjur.com\/?p=517"},"modified":"2025-07-10T17:21:50","modified_gmt":"2025-07-10T15:21:50","slug":"rattan","status":"publish","type":"post","link":"https:\/\/kraftdjur.com\/index.php\/2025\/03\/26\/rattan\/","title":{"rendered":"R\u00e5ttan \u2764\ufe0f"},"content":{"rendered":"\n<p><strong>R\u00c5TTAN &#8211; r\u00e4dslor, sanningen, h\u00e5rt arbete<\/strong><\/p>\n\n\n\n<p>R\u00e5ttan sa<\/p>\n\n\n\n<p>Alla \u00e4r r\u00e4dda f\u00f6r n\u00e5got och m\u00e5nga \u00e4r r\u00e4dda f\u00f6r mig. Det \u00e4r inte s\u00e5 konstigt att m\u00e5nga \u00e4r r\u00e4dda f\u00f6r oss r\u00e5ttor eftersom vi under \u00e5rens lopp blivit beskyllda f\u00f6r allt m\u00f6jligt ont som att vi sprider sjukdomar, att vi \u00e4r smutsiga och till och med att vi skulle vara aggressiva.&nbsp;<\/p>\n\n\n\n<p>Sanningen \u00e4r den att vi r\u00e5ttor \u00e4r v\u00e4ldigt lika er m\u00e4nniskor och vi \u00e4ter g\u00e4rna samma f\u00f6da som ni och bor d\u00e4r ni bor. Vi drabbas ofta av samma sjukdomar som ni, det \u00e4r bl.a. d\u00e4rf\u00f6r ni anv\u00e4nder oss som f\u00f6rs\u00f6ksdjur. Jag, r\u00e5ttan, var det f\u00f6rsta djuret som m\u00e4nniskan t\u00e4mjde (domesticerade) i tidernas begynnelse. Vi \u00e4r mycket intelligenta och gillar att l\u00e4ra oss nya saker<\/p>\n\n\n\n<p>R\u00e5ttan anses vara p\u00e5hittig, charmig och gener\u00f6s mot de n\u00e4rmaste. R\u00e5ttan \u00e4r id\u00e9rik men har s\u00e4llan mod eller t\u00e5lamod att f\u00f6rverkliga alla goda uppslag. De kan ibland uppfattas som temperamentsfulla, rastl\u00f6sa men pedantiska. R\u00e5ttor arbetar h\u00e5rt och flitigt inom vilket yrke som helst, men passar extra bra till att jobba med skrift p\u00e5 alla s\u00e4tt, tex f\u00f6rfattare eller journalist.<\/p>\n\n\n\n<p>Som sagt, alla \u00e4r r\u00e4dda f\u00f6r n\u00e5got, en del \u00e4r r\u00e4dda f\u00f6r mig och andra \u00e4r r\u00e4dda f\u00f6r m\u00f6rkret. R\u00e4dslor bottnar m\u00e5nga g\u00e5nger i k\u00e4nslan av att ha f\u00f6rlorat kontrollen, att inte k\u00e4nna tillit. R\u00e4dslan f\u00f6r n\u00e5got ok\u00e4nt som du inte kan styra eller kontrollera.&nbsp;<\/p>\n\n\n\n<p>Om du v\u00e5gar sl\u00e4ppa p\u00e5 ditt kontrollbehov och k\u00e4nna tillit till dig sj\u00e4lv s\u00e5 kommer dina r\u00e4dslor att minska. T\u00e4nk p\u00e5 att jag, r\u00e5ttan, \u00e4r b\u00e5de nyfiken och klok. Med hj\u00e4lp nyfikenhet och v\u00e5ga sl\u00e4ppa taget kan du komma hur l\u00e5ngt som helst. Jag finns \u00f6ver allt p\u00e5 hela v\u00e5r jord och jag finns d\u00e4r f\u00f6r att f\u00e5 dig att vara nyfiken och modig eller trygg.<\/p>\n\n\n\n<p>N\u00e4r ditt kontrollbehov blir f\u00f6r stort, t\u00e4nk p\u00e5 mig R\u00e5ttan och min energi finns till din hj\u00e4lp.<\/p>\n\n\n\n<p>\u2764\ufe0f&nbsp;Den r\u00f6da klanen st\u00e5r f\u00f6r: hj\u00e4rtat, k\u00e4rleken, eld, r\u00f6tt, sommar, s\u00f6der, st\u00e4der, byggnader, ledaren, m\u00e5let, vinna, brinner f\u00f6r, eldsj\u00e4lar, att stimulera, v\u00e4xa, utvecklas\u2764\ufe0f<\/p>\n\n\n\n<figure class=\"wp-block-image size-full\"><img loading=\"lazy\" decoding=\"async\" width=\"1024\" height=\"1024\" src=\"https:\/\/kraftdjur.com\/wp-content\/uploads\/2025\/03\/Rattan-1.jpg\" alt=\"\" class=\"wp-image-712\" srcset=\"https:\/\/kraftdjur.com\/wp-content\/uploads\/2025\/03\/Rattan-1.jpg 1024w, https:\/\/kraftdjur.com\/wp-content\/uploads\/2025\/03\/Rattan-1-300x300.jpg 300w, https:\/\/kraftdjur.com\/wp-content\/uploads\/2025\/03\/Rattan-1-150x150.jpg 150w, https:\/\/kraftdjur.com\/wp-content\/uploads\/2025\/03\/Rattan-1-768x768.jpg 768w\" sizes=\"auto, (max-width: 1024px) 100vw, 1024px\" \/><\/figure>\n","protected":false},"excerpt":{"rendered":"<p>R\u00c5TTAN &#8211; r\u00e4dslor, sanningen, h\u00e5rt arbete R\u00e5ttan sa Alla \u00e4r r\u00e4dda f\u00f6r n\u00e5got och m\u00e5nga \u00e4r r\u00e4dda f\u00f6r mig. Det \u00e4r inte s\u00e5 konstigt att m\u00e5nga \u00e4r r\u00e4dda f\u00f6r oss &hellip; <\/p>\n","protected":false},"author":1,"featured_media":712,"comment_status":"open","ping_status":"open","sticky":false,"template":"","format":"standard","meta":{"footnotes":""},"categories":[26],"tags":[21],"class_list":["post-517","post","type-post","status-publish","format-standard","has-post-thumbnail","hentry","category-gnagare","tag-roda-klanen"],"_links":{"self":[{"href":"https:\/\/kraftdjur.com\/index.php\/wp-json\/wp\/v2\/posts\/517","targetHints":{"allow":["GET"]}}],"collection":[{"href":"https:\/\/kraftdjur.com\/index.php\/wp-json\/wp\/v2\/posts"}],"about":[{"href":"https:\/\/kraftdjur.com\/index.php\/wp-json\/wp\/v2\/types\/post"}],"author":[{"embeddable":true,"href":"https:\/\/kraftdjur.com\/index.php\/wp-json\/wp\/v2\/users\/1"}],"replies":[{"embeddable":true,"href":"https:\/\/kraftdjur.com\/index.php\/wp-json\/wp\/v2\/comments?post=517"}],"version-history":[{"count":2,"href":"https:\/\/kraftdjur.com\/index.php\/wp-json\/wp\/v2\/posts\/517\/revisions"}],"predecessor-version":[{"id":713,"href":"https:\/\/kraftdjur.com\/index.php\/wp-json\/wp\/v2\/posts\/517\/revisions\/713"}],"wp:featuredmedia":[{"embeddable":true,"href":"https:\/\/kraftdjur.com\/index.php\/wp-json\/wp\/v2\/media\/712"}],"wp:attachment":[{"href":"https:\/\/kraftdjur.com\/index.php\/wp-json\/wp\/v2\/media?parent=517"}],"wp:term":[{"taxonomy":"category","embeddable":true,"href":"https:\/\/kraftdjur.com\/index.php\/wp-json\/wp\/v2\/categories?post=517"},{"taxonomy":"post_tag","embeddable":true,"href":"https:\/\/kraftdjur.com\/index.php\/wp-json\/wp\/v2\/tags?post=517"}],"curies":[{"name":"wp","href":"https:\/\/api.w.org\/{rel}","templated":true}]}}