{"id":502,"date":"2025-03-26T16:01:38","date_gmt":"2025-03-26T15:01:38","guid":{"rendered":"https:\/\/kraftdjur.com\/?p=502"},"modified":"2025-07-10T17:24:13","modified_gmt":"2025-07-10T15:24:13","slug":"eremitkraftan","status":"publish","type":"post","link":"https:\/\/kraftdjur.com\/index.php\/2025\/03\/26\/eremitkraftan\/","title":{"rendered":"Eremitkr\u00e4ftan\ud83d\udca7"},"content":{"rendered":"\n<p><strong>EREMITKR\u00c4FTAN &#8211; enskildhet, lyssna in\u00e5t, v\u00e4gvisare<\/strong><\/p>\n\n\n\n<p>Eremitkr\u00e4ftan sa:<\/p>\n\n\n\n<p>F\u00f6r att v\u00e4xa och orka vara mitt i centrum beh\u00f6ver du regelbundet tillbringa tid i enskildhet. Ensam med dig sj\u00e4lv i enkelhet. Ta skydd i ditt skal eller p\u00e5 annat s\u00e4tt se till att du f\u00e5r vara ost\u00f6rd under dina stunder med dig sj\u00e4lv. V\u00e4nd b\u00e5de blick och h\u00f6rsel in\u00e5t och lyssna till ditt hj\u00e4rta, dina andetag och din puls. S\u00f6k i ditt inre efter den v\u00e4gvisare du beh\u00f6ver. D\u00e4r kan du h\u00e4mta kraft och energi och sedan g\u00e5 ut och m\u00f6ta livet. Du kommer st\u00e5 mitt i centrum och str\u00e5la av din inre elegans och trygghet.&nbsp;<\/p>\n\n\n\n<p>Var g\u00e5ng du ser en sn\u00e4cka, t\u00e4nk p\u00e5 mig och min energi \u00e4r med dig.<\/p>\n\n\n\n<p>\ud83d\udca7Den bl\u00e5a klanen st\u00e5r f\u00f6r: sj\u00e4len, hoppet, vatten, bl\u00e5tt, vinter, norr, sj\u00f6ar, hav, vattendrag, regn, sn\u00f6, is, fj\u00e4llet, analysera, fl\u00f6det, planera, avslut, vinterdvala\ud83d\udca7<\/p>\n\n\n\n<figure class=\"wp-block-image size-full\"><img loading=\"lazy\" decoding=\"async\" width=\"1024\" height=\"1024\" src=\"https:\/\/kraftdjur.com\/wp-content\/uploads\/2025\/03\/Eremitkraftan.jpg\" alt=\"\" class=\"wp-image-503\" srcset=\"https:\/\/kraftdjur.com\/wp-content\/uploads\/2025\/03\/Eremitkraftan.jpg 1024w, https:\/\/kraftdjur.com\/wp-content\/uploads\/2025\/03\/Eremitkraftan-300x300.jpg 300w, https:\/\/kraftdjur.com\/wp-content\/uploads\/2025\/03\/Eremitkraftan-150x150.jpg 150w, https:\/\/kraftdjur.com\/wp-content\/uploads\/2025\/03\/Eremitkraftan-768x768.jpg 768w\" sizes=\"auto, (max-width: 1024px) 100vw, 1024px\" \/><\/figure>\n","protected":false},"excerpt":{"rendered":"<p>EREMITKR\u00c4FTAN &#8211; enskildhet, lyssna in\u00e5t, v\u00e4gvisare Eremitkr\u00e4ftan sa: F\u00f6r att v\u00e4xa och orka vara mitt i centrum beh\u00f6ver du regelbundet tillbringa tid i enskildhet. Ensam med dig sj\u00e4lv i enkelhet. &hellip; <\/p>\n","protected":false},"author":1,"featured_media":503,"comment_status":"open","ping_status":"open","sticky":false,"template":"","format":"standard","meta":{"footnotes":""},"categories":[11],"tags":[24],"class_list":["post-502","post","type-post","status-publish","format-standard","has-post-thumbnail","hentry","category-skaldjur","tag-blaa-klanen"],"_links":{"self":[{"href":"https:\/\/kraftdjur.com\/index.php\/wp-json\/wp\/v2\/posts\/502","targetHints":{"allow":["GET"]}}],"collection":[{"href":"https:\/\/kraftdjur.com\/index.php\/wp-json\/wp\/v2\/posts"}],"about":[{"href":"https:\/\/kraftdjur.com\/index.php\/wp-json\/wp\/v2\/types\/post"}],"author":[{"embeddable":true,"href":"https:\/\/kraftdjur.com\/index.php\/wp-json\/wp\/v2\/users\/1"}],"replies":[{"embeddable":true,"href":"https:\/\/kraftdjur.com\/index.php\/wp-json\/wp\/v2\/comments?post=502"}],"version-history":[{"count":2,"href":"https:\/\/kraftdjur.com\/index.php\/wp-json\/wp\/v2\/posts\/502\/revisions"}],"predecessor-version":[{"id":718,"href":"https:\/\/kraftdjur.com\/index.php\/wp-json\/wp\/v2\/posts\/502\/revisions\/718"}],"wp:featuredmedia":[{"embeddable":true,"href":"https:\/\/kraftdjur.com\/index.php\/wp-json\/wp\/v2\/media\/503"}],"wp:attachment":[{"href":"https:\/\/kraftdjur.com\/index.php\/wp-json\/wp\/v2\/media?parent=502"}],"wp:term":[{"taxonomy":"category","embeddable":true,"href":"https:\/\/kraftdjur.com\/index.php\/wp-json\/wp\/v2\/categories?post=502"},{"taxonomy":"post_tag","embeddable":true,"href":"https:\/\/kraftdjur.com\/index.php\/wp-json\/wp\/v2\/tags?post=502"}],"curies":[{"name":"wp","href":"https:\/\/api.w.org\/{rel}","templated":true}]}}