{"id":478,"date":"2025-03-26T15:49:41","date_gmt":"2025-03-26T14:49:41","guid":{"rendered":"https:\/\/kraftdjur.com\/?p=478"},"modified":"2025-07-10T17:28:57","modified_gmt":"2025-07-10T15:28:57","slug":"luftdraken","status":"publish","type":"post","link":"https:\/\/kraftdjur.com\/index.php\/2025\/03\/26\/luftdraken\/","title":{"rendered":"Luftdraken \u2b50\ufe0f"},"content":{"rendered":"\n<p><strong>LUFTDRAKEN &#8211; insikter, lekfullhet, magi<\/strong><\/p>\n\n\n\n<p>Luftdraken sa:<\/p>\n\n\n\n<p>Jag, Luftdraken, kommer med insikter. Insikter som \u00e4r s\u00e5 klara att det kan k\u00e4nnas som du tr\u00e4ffats av blixten. Jag sv\u00e4var h\u00f6gt uppe i det bl\u00e5 och du har s\u00e4kert sett mig leka bland molnen n\u00e4r du legat p\u00e5 rygg i gr\u00e4set en solig sommardag. Trodde du p\u00e5 vad du s\u00e5g? Jag \u00e4lskar att leka och speciellt med molnen och solens glittrande st\u00e5lar. Det \u00e4r s\u00e5 jag skapar magi. Du kan ocks\u00e5 skapa magi i din vardag. V\u00e5ga vara lite lekfull och magiska under kommer att ske.<\/p>\n\n\n\n<p>Tro p\u00e5 mig, Luftdraken och du kommer f\u00e5 insikter om dig sj\u00e4lv och om annat i livet. Beh\u00f6ver du min energi, njut av allt som \u00e4r ljust och luftigt.<\/p>\n\n\n\n<p>\u2b50\ufe0fDen gula klanen st\u00e5r f\u00f6r: sinnet, tron, luft, gult, v\u00e5r, \u00f6ster, \u00f6ppna ytor, f\u00e4lt, \u00e5krar, str\u00e4nder, hagar, dr\u00f6mmar, visioner, lek, gl\u00e4dje, lugn, f\u00f6delse, s\u00e5 fr\u00f6n\u2b50\ufe0f<\/p>\n\n\n\n<figure class=\"wp-block-image size-full\"><img loading=\"lazy\" decoding=\"async\" width=\"1024\" height=\"1024\" src=\"https:\/\/kraftdjur.com\/wp-content\/uploads\/2025\/03\/Luftdraken.png\" alt=\"\" class=\"wp-image-479\" srcset=\"https:\/\/kraftdjur.com\/wp-content\/uploads\/2025\/03\/Luftdraken.png 1024w, https:\/\/kraftdjur.com\/wp-content\/uploads\/2025\/03\/Luftdraken-300x300.png 300w, https:\/\/kraftdjur.com\/wp-content\/uploads\/2025\/03\/Luftdraken-150x150.png 150w, https:\/\/kraftdjur.com\/wp-content\/uploads\/2025\/03\/Luftdraken-768x768.png 768w\" sizes=\"auto, (max-width: 1024px) 100vw, 1024px\" \/><\/figure>\n","protected":false},"excerpt":{"rendered":"<p>LUFTDRAKEN &#8211; insikter, lekfullhet, magi Luftdraken sa: Jag, Luftdraken, kommer med insikter. Insikter som \u00e4r s\u00e5 klara att det kan k\u00e4nnas som du tr\u00e4ffats av blixten. Jag sv\u00e4var h\u00f6gt uppe &hellip; <\/p>\n","protected":false},"author":1,"featured_media":479,"comment_status":"open","ping_status":"open","sticky":false,"template":"","format":"standard","meta":{"footnotes":""},"categories":[20],"tags":[22],"class_list":["post-478","post","type-post","status-publish","format-standard","has-post-thumbnail","hentry","category-mytologiska-djur","tag-gula-klanen"],"_links":{"self":[{"href":"https:\/\/kraftdjur.com\/index.php\/wp-json\/wp\/v2\/posts\/478","targetHints":{"allow":["GET"]}}],"collection":[{"href":"https:\/\/kraftdjur.com\/index.php\/wp-json\/wp\/v2\/posts"}],"about":[{"href":"https:\/\/kraftdjur.com\/index.php\/wp-json\/wp\/v2\/types\/post"}],"author":[{"embeddable":true,"href":"https:\/\/kraftdjur.com\/index.php\/wp-json\/wp\/v2\/users\/1"}],"replies":[{"embeddable":true,"href":"https:\/\/kraftdjur.com\/index.php\/wp-json\/wp\/v2\/comments?post=478"}],"version-history":[{"count":2,"href":"https:\/\/kraftdjur.com\/index.php\/wp-json\/wp\/v2\/posts\/478\/revisions"}],"predecessor-version":[{"id":728,"href":"https:\/\/kraftdjur.com\/index.php\/wp-json\/wp\/v2\/posts\/478\/revisions\/728"}],"wp:featuredmedia":[{"embeddable":true,"href":"https:\/\/kraftdjur.com\/index.php\/wp-json\/wp\/v2\/media\/479"}],"wp:attachment":[{"href":"https:\/\/kraftdjur.com\/index.php\/wp-json\/wp\/v2\/media?parent=478"}],"wp:term":[{"taxonomy":"category","embeddable":true,"href":"https:\/\/kraftdjur.com\/index.php\/wp-json\/wp\/v2\/categories?post=478"},{"taxonomy":"post_tag","embeddable":true,"href":"https:\/\/kraftdjur.com\/index.php\/wp-json\/wp\/v2\/tags?post=478"}],"curies":[{"name":"wp","href":"https:\/\/api.w.org\/{rel}","templated":true}]}}