{"id":475,"date":"2025-03-26T15:48:20","date_gmt":"2025-03-26T14:48:20","guid":{"rendered":"https:\/\/kraftdjur.com\/?p=475"},"modified":"2025-07-12T18:00:05","modified_gmt":"2025-07-12T16:00:05","slug":"faltharen","status":"publish","type":"post","link":"https:\/\/kraftdjur.com\/index.php\/2025\/03\/26\/faltharen\/","title":{"rendered":"F\u00e4ltharen \u2b50\ufe0f"},"content":{"rendered":"\n<p><strong>F\u00c4LTHAREN &#8211; intuition, snabba beslut, m\u00e5nens magi<\/strong><\/p>\n\n\n\n<p>F\u00e4ltharen sa:<\/p>\n\n\n\n<p>Jag har numera blivit den vanligaste haren i Sverige. Du skiljer mig l\u00e4tt fr\u00e5n min kusin Skogsharen p\u00e5 vintern genom v\u00e5ra p\u00e4lsf\u00e4rger. Jag beh\u00e5ller min viltf\u00e4rgade p\u00e4ls \u00e5ret om och Skogsharen f\u00e5r sn\u00f6vit p\u00e4ls p\u00e5 vintern.<\/p>\n\n\n\n<p>Jag st\u00e5r i n\u00e4ra f\u00f6rbindelse med m\u00e5nen och med min kraft n\u00e4rvarande ska du vara observant p\u00e5 vilken fas m\u00e5nen befinner sig i och hur du sj\u00e4lv reagerar p\u00e5 m\u00e5nens olika faser.<\/p>\n\n\n\n<p>Jag st\u00e5r f\u00f6r intuition och n\u00e4r jag \u00e4r n\u00e4rvarande kan det pl\u00f6tsligt dyka saker, minnen och tankar i ditt medvetande, lika pl\u00f6tsligt och magiskt som n\u00e4r min kusin P\u00e5skharen l\u00e4mnar sina \u00e4gg. Sl\u00e4pp dina gamla negativa tankar, k\u00e4nslor och vanor som du har nu, men ocks\u00e5 de som funnits i ditt f\u00f6rflutna och fortfarande tynger dig. Det \u00e4r dags att plocka upp nya positiva tankar, k\u00e4nslor och vanor. Du beh\u00f6ver inte vara r\u00e4dd, f\u00f6r lita till att du \u00e4r b\u00e5de snabb och kan skutta i sicksack om det beh\u00f6vs. Anv\u00e4nd din h\u00f6rsel till att lyssna in\u00e5t till din egen inre r\u00f6st, men ocks\u00e5 till att lyssna till din omgivning.<\/p>\n\n\n\n<p>Vad du \u00e4n h\u00e5ller p\u00e5 med, var beredd p\u00e5 att det kan beh\u00f6vas snabba beslut och pl\u00f6tsliga f\u00f6r\u00e4ndringar. Beh\u00e5ll ett flexibelt sinne. Du kommer inom kort beh\u00f6va g\u00f6ra ov\u00e4ntade och snabba f\u00f6r\u00e4ndringar p\u00e5 din v\u00e4g. Med mig som f\u00f6ljeslagare tillsammans med din inre r\u00f6st och ditt sunda f\u00f6rnuft \u00f6vervinner du tiden av f\u00f6r\u00e4ndring och du kommer att se att allt har en positiv mening.<\/p>\n\n\n\n<p>\u2b50\ufe0fDen gula klanen st\u00e5r f\u00f6r: sinnet, tron, luft, gult, v\u00e5r, \u00f6ster, \u00f6ppna ytor, f\u00e4lt, \u00e5krar, str\u00e4nder, hagar, dr\u00f6mmar, visioner, lek, gl\u00e4dje, lugn, f\u00f6delse, s\u00e5 fr\u00f6n\u2b50\ufe0f<\/p>\n\n\n\n<figure class=\"wp-block-image size-full\"><img loading=\"lazy\" decoding=\"async\" width=\"1024\" height=\"1024\" src=\"https:\/\/kraftdjur.com\/wp-content\/uploads\/2025\/03\/Faltharen-2.jpg\" alt=\"\" class=\"wp-image-742\" srcset=\"https:\/\/kraftdjur.com\/wp-content\/uploads\/2025\/03\/Faltharen-2.jpg 1024w, https:\/\/kraftdjur.com\/wp-content\/uploads\/2025\/03\/Faltharen-2-300x300.jpg 300w, https:\/\/kraftdjur.com\/wp-content\/uploads\/2025\/03\/Faltharen-2-150x150.jpg 150w, https:\/\/kraftdjur.com\/wp-content\/uploads\/2025\/03\/Faltharen-2-768x768.jpg 768w\" sizes=\"auto, (max-width: 1024px) 100vw, 1024px\" \/><\/figure>\n","protected":false},"excerpt":{"rendered":"<p>F\u00c4LTHAREN &#8211; intuition, snabba beslut, m\u00e5nens magi F\u00e4ltharen sa: Jag har numera blivit den vanligaste haren i Sverige. Du skiljer mig l\u00e4tt fr\u00e5n min kusin Skogsharen p\u00e5 vintern genom v\u00e5ra &hellip; <\/p>\n","protected":false},"author":1,"featured_media":742,"comment_status":"open","ping_status":"open","sticky":false,"template":"","format":"standard","meta":{"footnotes":""},"categories":[26],"tags":[22],"class_list":["post-475","post","type-post","status-publish","format-standard","has-post-thumbnail","hentry","category-gnagare","tag-gula-klanen"],"_links":{"self":[{"href":"https:\/\/kraftdjur.com\/index.php\/wp-json\/wp\/v2\/posts\/475","targetHints":{"allow":["GET"]}}],"collection":[{"href":"https:\/\/kraftdjur.com\/index.php\/wp-json\/wp\/v2\/posts"}],"about":[{"href":"https:\/\/kraftdjur.com\/index.php\/wp-json\/wp\/v2\/types\/post"}],"author":[{"embeddable":true,"href":"https:\/\/kraftdjur.com\/index.php\/wp-json\/wp\/v2\/users\/1"}],"replies":[{"embeddable":true,"href":"https:\/\/kraftdjur.com\/index.php\/wp-json\/wp\/v2\/comments?post=475"}],"version-history":[{"count":3,"href":"https:\/\/kraftdjur.com\/index.php\/wp-json\/wp\/v2\/posts\/475\/revisions"}],"predecessor-version":[{"id":743,"href":"https:\/\/kraftdjur.com\/index.php\/wp-json\/wp\/v2\/posts\/475\/revisions\/743"}],"wp:featuredmedia":[{"embeddable":true,"href":"https:\/\/kraftdjur.com\/index.php\/wp-json\/wp\/v2\/media\/742"}],"wp:attachment":[{"href":"https:\/\/kraftdjur.com\/index.php\/wp-json\/wp\/v2\/media?parent=475"}],"wp:term":[{"taxonomy":"category","embeddable":true,"href":"https:\/\/kraftdjur.com\/index.php\/wp-json\/wp\/v2\/categories?post=475"},{"taxonomy":"post_tag","embeddable":true,"href":"https:\/\/kraftdjur.com\/index.php\/wp-json\/wp\/v2\/tags?post=475"}],"curies":[{"name":"wp","href":"https:\/\/api.w.org\/{rel}","templated":true}]}}