{"id":445,"date":"2025-03-26T15:30:51","date_gmt":"2025-03-26T14:30:51","guid":{"rendered":"https:\/\/kraftdjur.com\/?p=445"},"modified":"2025-07-12T18:03:25","modified_gmt":"2025-07-12T16:03:25","slug":"humlan","status":"publish","type":"post","link":"https:\/\/kraftdjur.com\/index.php\/2025\/03\/26\/humlan\/","title":{"rendered":"Humlan \ud83c\udf4f"},"content":{"rendered":"\n<p><strong>HUMLAN &#8211; inget \u00e4r om\u00f6jligt, tro, framg\u00e5ng<\/strong><\/p>\n\n\n\n<p>Humlan sa:<\/p>\n\n\n\n<p>Inget \u00e4r om\u00f6jligt, det tar bara lite olika tid. Se p\u00e5 mig, de s\u00e4ger att jag egentligen inte skulle kunna flyga men jag flyger \u00e4nd\u00e5, f\u00f6r jag tror p\u00e5 att jag kan flyga. Allt du verkligen vill, utan minsta tvivel, kan du g\u00f6ra. K\u00e4nner du minsta tvivel inf\u00f6r ett projekt, unders\u00f6k varf\u00f6r du tvivlar och f\u00f6rs\u00f6k att eliminera ditt tvivel, sen kommer du att lyckas. Gl\u00f6m inte att dansa i solens str\u00e5lar och lukta p\u00e5 blommorna, f\u00f6r d\u00e4r finns jag Humlan, med min energi till dig.<\/p>\n\n\n\n<p>\ud83c\udf4fDen gr\u00f6na klanen st\u00e5r f\u00f6r: kroppen, visdom, jord, gr\u00f6nt, h\u00f6st, v\u00e4ster, skogen, jorden, berget, stenar, det fysiska, agera, magk\u00e4nslan, g\u00f6ra praktiskt, v\u00e5rda, ge n\u00e4ring, ge liv, sk\u00f6rda\ud83c\udf4f<\/p>\n\n\n\n<figure class=\"wp-block-image size-full\"><img loading=\"lazy\" decoding=\"async\" width=\"1024\" height=\"1024\" src=\"https:\/\/kraftdjur.com\/wp-content\/uploads\/2025\/03\/Humlan.jpg\" alt=\"\" class=\"wp-image-749\" srcset=\"https:\/\/kraftdjur.com\/wp-content\/uploads\/2025\/03\/Humlan.jpg 1024w, https:\/\/kraftdjur.com\/wp-content\/uploads\/2025\/03\/Humlan-300x300.jpg 300w, https:\/\/kraftdjur.com\/wp-content\/uploads\/2025\/03\/Humlan-150x150.jpg 150w, https:\/\/kraftdjur.com\/wp-content\/uploads\/2025\/03\/Humlan-768x768.jpg 768w\" sizes=\"auto, (max-width: 1024px) 100vw, 1024px\" \/><\/figure>\n","protected":false},"excerpt":{"rendered":"<p>HUMLAN &#8211; inget \u00e4r om\u00f6jligt, tro, framg\u00e5ng Humlan sa: Inget \u00e4r om\u00f6jligt, det tar bara lite olika tid. Se p\u00e5 mig, de s\u00e4ger att jag egentligen inte skulle kunna flyga &hellip; <\/p>\n","protected":false},"author":1,"featured_media":749,"comment_status":"open","ping_status":"open","sticky":false,"template":"","format":"standard","meta":{"footnotes":""},"categories":[10],"tags":[23],"class_list":["post-445","post","type-post","status-publish","format-standard","has-post-thumbnail","hentry","category-insekter","tag-grona-klanen"],"_links":{"self":[{"href":"https:\/\/kraftdjur.com\/index.php\/wp-json\/wp\/v2\/posts\/445","targetHints":{"allow":["GET"]}}],"collection":[{"href":"https:\/\/kraftdjur.com\/index.php\/wp-json\/wp\/v2\/posts"}],"about":[{"href":"https:\/\/kraftdjur.com\/index.php\/wp-json\/wp\/v2\/types\/post"}],"author":[{"embeddable":true,"href":"https:\/\/kraftdjur.com\/index.php\/wp-json\/wp\/v2\/users\/1"}],"replies":[{"embeddable":true,"href":"https:\/\/kraftdjur.com\/index.php\/wp-json\/wp\/v2\/comments?post=445"}],"version-history":[{"count":2,"href":"https:\/\/kraftdjur.com\/index.php\/wp-json\/wp\/v2\/posts\/445\/revisions"}],"predecessor-version":[{"id":750,"href":"https:\/\/kraftdjur.com\/index.php\/wp-json\/wp\/v2\/posts\/445\/revisions\/750"}],"wp:featuredmedia":[{"embeddable":true,"href":"https:\/\/kraftdjur.com\/index.php\/wp-json\/wp\/v2\/media\/749"}],"wp:attachment":[{"href":"https:\/\/kraftdjur.com\/index.php\/wp-json\/wp\/v2\/media?parent=445"}],"wp:term":[{"taxonomy":"category","embeddable":true,"href":"https:\/\/kraftdjur.com\/index.php\/wp-json\/wp\/v2\/categories?post=445"},{"taxonomy":"post_tag","embeddable":true,"href":"https:\/\/kraftdjur.com\/index.php\/wp-json\/wp\/v2\/tags?post=445"}],"curies":[{"name":"wp","href":"https:\/\/api.w.org\/{rel}","templated":true}]}}