{"id":421,"date":"2025-03-26T15:16:43","date_gmt":"2025-03-26T14:16:43","guid":{"rendered":"https:\/\/kraftdjur.com\/?p=421"},"modified":"2025-07-12T18:08:03","modified_gmt":"2025-07-12T16:08:03","slug":"fasanen","status":"publish","type":"post","link":"https:\/\/kraftdjur.com\/index.php\/2025\/03\/26\/fasanen\/","title":{"rendered":"Fasanen \ud83c\udf4f"},"content":{"rendered":"\n<p><strong>FASANEN &#8211; frihet, stolthet, gl\u00e4djande budskap,\u00a0<\/strong><\/p>\n\n\n\n<p>Fasanen sa:<\/p>\n\n\n\n<p>Visst \u00e4r det n\u00e5got speciellt n\u00e4r du ser mig? De flesta m\u00e4nniskor brukar stanna till, n\u00e4stan h\u00e5lla andan och viska \u201dTitta d\u00e4r! Se en fasan!\u201d.&nbsp;<\/p>\n\n\n\n<p>Visste du att vi fr\u00e5n b\u00f6rjan enbart fanns i s\u00f6dra Asien? M\u00e4nniskan planterade ut oss p\u00e5 m\u00e5nga st\u00e4llen runt om i v\u00e4rlden f\u00f6r att vi \u00e4r en uppskattad h\u00f6nsf\u00e5gel att jaga. Fr\u00e5n b\u00f6rjan h\u00f6ll man oss i h\u00e4gn men vi trivs b\u00e4st i frihet. Som fria kan vi sj\u00e4lva v\u00e4lja \u00e5t vilket h\u00e5ll vi vill g\u00e5 eller flyga. Det kan ocks\u00e5 du g\u00f6ra n\u00e4r du k\u00e4nner din inre frihet. T\u00e4nk p\u00e5, att i alla situationer har du ett val. Du kan g\u00f6ra det det du tror att andra f\u00f6rv\u00e4ntar sig av dig eller det du verkligen sj\u00e4lv vill. Valet \u00e4r alltid ditt \u00e4ven om det ibland kan tyckas vara sv\u00e5rt.&nbsp;<\/p>\n\n\n\n<p>Min energi kan hj\u00e4lpa dig att f\u00e5 kontakt med dina r\u00f6tter och vara stolt \u00f6ver din h\u00e4rkomst. Din bakgrund p\u00e5verkar vem du \u00e4r idag och det ska du vara stolt \u00f6ver.<\/p>\n\n\n\n<p>Att se mig brukar betyda att du inom en snar framtid kommer f\u00e5 ett gl\u00e4djande budskap. Det kan vara n\u00e5got stort som du v\u00e4ntat p\u00e5 l\u00e4nge, men det kan lika g\u00e4rna vara n\u00e5got mycket litet men som du \u00e4nd\u00e5 blir glad \u00f6ver.<\/p>\n\n\n\n<p>N\u00e4r du ser mig eller h\u00f6r mitt s\u00e4regna l\u00e4te, k\u00e4nn d\u00e5 att du \u00e4r stolt och fri och att du sj\u00e4lv \u00e4r ett gl\u00e4nsande budskap.<\/p>\n\n\n\n<p>\ud83c\udf4fDen gr\u00f6na klanen st\u00e5r f\u00f6r: kroppen, visdom, jord, gr\u00f6nt, h\u00f6st, v\u00e4ster, skogen, jorden, berget, stenar, det fysiska, agera, magk\u00e4nslan, g\u00f6ra praktiskt, v\u00e5rda, ge n\u00e4ring, ge liv, sk\u00f6rda\ud83c\udf4f<\/p>\n\n\n\n<figure class=\"wp-block-image size-full\"><img loading=\"lazy\" decoding=\"async\" width=\"1024\" height=\"1024\" src=\"https:\/\/kraftdjur.com\/wp-content\/uploads\/2025\/03\/Fasanen-1.jpg\" alt=\"\" class=\"wp-image-760\" srcset=\"https:\/\/kraftdjur.com\/wp-content\/uploads\/2025\/03\/Fasanen-1.jpg 1024w, https:\/\/kraftdjur.com\/wp-content\/uploads\/2025\/03\/Fasanen-1-300x300.jpg 300w, https:\/\/kraftdjur.com\/wp-content\/uploads\/2025\/03\/Fasanen-1-150x150.jpg 150w, https:\/\/kraftdjur.com\/wp-content\/uploads\/2025\/03\/Fasanen-1-768x768.jpg 768w\" sizes=\"auto, (max-width: 1024px) 100vw, 1024px\" \/><\/figure>\n","protected":false},"excerpt":{"rendered":"<p>FASANEN &#8211; frihet, stolthet, gl\u00e4djande budskap,\u00a0 Fasanen sa: Visst \u00e4r det n\u00e5got speciellt n\u00e4r du ser mig? De flesta m\u00e4nniskor brukar stanna till, n\u00e4stan h\u00e5lla andan och viska \u201dTitta d\u00e4r! &hellip; <\/p>\n","protected":false},"author":1,"featured_media":760,"comment_status":"open","ping_status":"open","sticky":false,"template":"","format":"standard","meta":{"footnotes":""},"categories":[9],"tags":[23],"class_list":["post-421","post","type-post","status-publish","format-standard","has-post-thumbnail","hentry","category-faglar","tag-grona-klanen"],"_links":{"self":[{"href":"https:\/\/kraftdjur.com\/index.php\/wp-json\/wp\/v2\/posts\/421","targetHints":{"allow":["GET"]}}],"collection":[{"href":"https:\/\/kraftdjur.com\/index.php\/wp-json\/wp\/v2\/posts"}],"about":[{"href":"https:\/\/kraftdjur.com\/index.php\/wp-json\/wp\/v2\/types\/post"}],"author":[{"embeddable":true,"href":"https:\/\/kraftdjur.com\/index.php\/wp-json\/wp\/v2\/users\/1"}],"replies":[{"embeddable":true,"href":"https:\/\/kraftdjur.com\/index.php\/wp-json\/wp\/v2\/comments?post=421"}],"version-history":[{"count":2,"href":"https:\/\/kraftdjur.com\/index.php\/wp-json\/wp\/v2\/posts\/421\/revisions"}],"predecessor-version":[{"id":761,"href":"https:\/\/kraftdjur.com\/index.php\/wp-json\/wp\/v2\/posts\/421\/revisions\/761"}],"wp:featuredmedia":[{"embeddable":true,"href":"https:\/\/kraftdjur.com\/index.php\/wp-json\/wp\/v2\/media\/760"}],"wp:attachment":[{"href":"https:\/\/kraftdjur.com\/index.php\/wp-json\/wp\/v2\/media?parent=421"}],"wp:term":[{"taxonomy":"category","embeddable":true,"href":"https:\/\/kraftdjur.com\/index.php\/wp-json\/wp\/v2\/categories?post=421"},{"taxonomy":"post_tag","embeddable":true,"href":"https:\/\/kraftdjur.com\/index.php\/wp-json\/wp\/v2\/tags?post=421"}],"curies":[{"name":"wp","href":"https:\/\/api.w.org\/{rel}","templated":true}]}}