{"id":418,"date":"2025-03-26T15:15:13","date_gmt":"2025-03-26T14:15:13","guid":{"rendered":"https:\/\/kraftdjur.com\/?p=418"},"modified":"2025-07-12T18:08:51","modified_gmt":"2025-07-12T16:08:51","slug":"bjornen","status":"publish","type":"post","link":"https:\/\/kraftdjur.com\/index.php\/2025\/03\/26\/bjornen\/","title":{"rendered":"Bj\u00f6rnen \ud83c\udf4f"},"content":{"rendered":"\n<p><strong>BJ\u00d6RNEN &#8211; h\u00e4r och nu, livsnjutare, ledare<\/strong><\/p>\n\n\n\n<p>Bj\u00f6rnen sa:&nbsp;<\/p>\n\n\n\n<p>Var n\u00f6jd med livet som du lever h\u00e4r och nu. Njut av varje \u00f6gonblick f\u00f6r allt har en mening. Meningen med livet \u00e4r att leva det. Gl\u00f6m aldrig bort att leva, tumla runt och bara vara h\u00e4r och nu.&nbsp;<\/p>\n\n\n\n<p>Njut av livets frukter och b\u00e4r f\u00f6r du vet aldrig vad morgondagen har att bjuda p\u00e5.<\/p>\n\n\n\n<p>Hotar en fara, bed\u00f6m riskerna och g\u00f6r ditt val. Du kan tyst bara f\u00f6rsvinna som jag i skogen eller sl\u00e5ss f\u00f6r det du tror p\u00e5 och det som v\u00e4rt att f\u00f6rsvara. En god ledare \u00e4r inte en person som strider f\u00f6r sin egen position men sl\u00e5ss f\u00f6r dem hon skyddar. Med andra ord, v\u00e4lj dina strider med omsorg!<\/p>\n\n\n\n<p>Jag Bj\u00f6rnen, delar ledarskapet i skogen med \u00c4lgen men vi strider eller t\u00e4vlar aldrig om vem som \u00e4r b\u00e4sta ledaren. Jag har mina styrkor och \u00e4lgen har sina, sedan \u00e4r det upp till djuren att sj\u00e4lva v\u00e4lja vem de vill f\u00f6lja.<\/p>\n\n\n\n<p>Jag haren kraftfull fysisk styrka, s\u00e5 det finns en anledning till att ni m\u00e4nniskor s\u00e4ger \u201dstark som en bj\u00f6rn\u201d. Jag kan r\u00f6ra mig tystare \u00e4n n\u00e5got annat djur. Jag kan vara oerh\u00f6rt snabb n\u00e4r situationen s\u00e5 kr\u00e4ver. Jag kan f\u00f6rsvinna p\u00e5 bara n\u00e5gon sekund men finns oftast kvar alldeles i n\u00e4rheten utan att du ser mig. Jag f\u00f6rsvarar mina barn \u00e4nda in i det sista, s\u00e5 kom aldrig mellan mig och mina barn.&nbsp;<\/p>\n\n\n\n<p>Det finns m\u00e5nga sagor, s\u00e4gner och myter om oss bj\u00f6rnar. En del kulturer anser eller har ansett oss som magiska och det ligger nog en hel del i det.&nbsp;<\/p>\n\n\n\n<p>\u00c4r du i ett skede i livet d\u00e4r du beh\u00f6ver extra styrka d\u00e5 ska du l\u00e5na min energi. Slut \u00f6gonen, andas n\u00e5gra djupa, lugna andetag och k\u00e4nn hur min styrka sprider sig inom dig. T\u00e4nk p\u00e5 mig, bj\u00f6rnen och jag med min styrka och f\u00f6rm\u00e5ga att njuta av livet finns hos dig.<\/p>\n\n\n\n<p>\ud83c\udf4fDen gr\u00f6na klanen st\u00e5r f\u00f6r: kroppen, visdom, jord, gr\u00f6nt, h\u00f6st, v\u00e4ster, skogen, jorden, berget, stenar, det fysiska, agera, magk\u00e4nslan, g\u00f6ra praktiskt, v\u00e5rda, ge n\u00e4ring, ge liv, sk\u00f6rda\ud83c\udf4f<\/p>\n\n\n\n<figure class=\"wp-block-image size-full\"><img loading=\"lazy\" decoding=\"async\" width=\"1024\" height=\"1024\" src=\"https:\/\/kraftdjur.com\/wp-content\/uploads\/2025\/03\/Bjornen-1.jpg\" alt=\"\" class=\"wp-image-762\" srcset=\"https:\/\/kraftdjur.com\/wp-content\/uploads\/2025\/03\/Bjornen-1.jpg 1024w, https:\/\/kraftdjur.com\/wp-content\/uploads\/2025\/03\/Bjornen-1-300x300.jpg 300w, https:\/\/kraftdjur.com\/wp-content\/uploads\/2025\/03\/Bjornen-1-150x150.jpg 150w, https:\/\/kraftdjur.com\/wp-content\/uploads\/2025\/03\/Bjornen-1-768x768.jpg 768w\" sizes=\"auto, (max-width: 1024px) 100vw, 1024px\" \/><\/figure>\n","protected":false},"excerpt":{"rendered":"<p>BJ\u00d6RNEN &#8211; h\u00e4r och nu, livsnjutare, ledare Bj\u00f6rnen sa:&nbsp; Var n\u00f6jd med livet som du lever h\u00e4r och nu. Njut av varje \u00f6gonblick f\u00f6r allt har en mening. Meningen med &hellip; <\/p>\n","protected":false},"author":1,"featured_media":762,"comment_status":"open","ping_status":"open","sticky":false,"template":"","format":"standard","meta":{"footnotes":""},"categories":[18],"tags":[23],"class_list":["post-418","post","type-post","status-publish","format-standard","has-post-thumbnail","hentry","category-rovdjur","tag-grona-klanen"],"_links":{"self":[{"href":"https:\/\/kraftdjur.com\/index.php\/wp-json\/wp\/v2\/posts\/418","targetHints":{"allow":["GET"]}}],"collection":[{"href":"https:\/\/kraftdjur.com\/index.php\/wp-json\/wp\/v2\/posts"}],"about":[{"href":"https:\/\/kraftdjur.com\/index.php\/wp-json\/wp\/v2\/types\/post"}],"author":[{"embeddable":true,"href":"https:\/\/kraftdjur.com\/index.php\/wp-json\/wp\/v2\/users\/1"}],"replies":[{"embeddable":true,"href":"https:\/\/kraftdjur.com\/index.php\/wp-json\/wp\/v2\/comments?post=418"}],"version-history":[{"count":2,"href":"https:\/\/kraftdjur.com\/index.php\/wp-json\/wp\/v2\/posts\/418\/revisions"}],"predecessor-version":[{"id":763,"href":"https:\/\/kraftdjur.com\/index.php\/wp-json\/wp\/v2\/posts\/418\/revisions\/763"}],"wp:featuredmedia":[{"embeddable":true,"href":"https:\/\/kraftdjur.com\/index.php\/wp-json\/wp\/v2\/media\/762"}],"wp:attachment":[{"href":"https:\/\/kraftdjur.com\/index.php\/wp-json\/wp\/v2\/media?parent=418"}],"wp:term":[{"taxonomy":"category","embeddable":true,"href":"https:\/\/kraftdjur.com\/index.php\/wp-json\/wp\/v2\/categories?post=418"},{"taxonomy":"post_tag","embeddable":true,"href":"https:\/\/kraftdjur.com\/index.php\/wp-json\/wp\/v2\/tags?post=418"}],"curies":[{"name":"wp","href":"https:\/\/api.w.org\/{rel}","templated":true}]}}