{"id":415,"date":"2025-03-26T15:13:53","date_gmt":"2025-03-26T14:13:53","guid":{"rendered":"https:\/\/kraftdjur.com\/?p=415"},"modified":"2025-07-12T18:09:43","modified_gmt":"2025-07-12T16:09:43","slug":"svalan","status":"publish","type":"post","link":"https:\/\/kraftdjur.com\/index.php\/2025\/03\/26\/svalan\/","title":{"rendered":"Svalan \u2b50\ufe0f"},"content":{"rendered":"\n<p><strong>SVALAN &#8211; gl\u00e4dje, dr\u00f6mmar, flykt<\/strong><\/p>\n\n\n\n<p>Svalan sa:<\/p>\n\n\n\n<p><em>En svala g\u00f6r ingen sommar&nbsp;<\/em><\/p>\n\n\n\n<p>Ja, s\u00e5 brukar ni m\u00e4nniskor s\u00e4ga om oss svalor. Vi \u00e4r symbolen f\u00f6r att nu \u00e4r sommaren h\u00e4r. I sagan om Tummelisa av H. C. Andersen spelar Svalan en viktig roll och \u00e4r symbolen f\u00f6r sommaren, att f\u00f6lja och n\u00e5 sina dr\u00f6mmar.<\/p>\n\n\n\n<p>Vi svalor kan leva i luften i upp till tio m\u00e5nader, utan att en enda g\u00e5ng landa. Visserligen inget jag rekommenderar dig att g\u00f6ra, ni m\u00e4nniskor beh\u00f6ver landa och vila varje natt.<\/p>\n\n\n\n<p>Det jag kommer med \u00e4r hopp och gl\u00e4dje, f\u00f6r nu kommer sommaren. D\u00e5 \u00e4r allt ljusare, varmare och l\u00e4ttare och gl\u00e4djen sprider sig i takt med gr\u00f6nskan.<\/p>\n\n\n\n<p>Om du bibeh\u00e5ller hopp och gl\u00e4dje kommer dina dr\u00f6mmar att g\u00e5 i uppfyllelse, precis som det gjorde f\u00f6r Tummelisa.<\/p>\n\n\n\n<p>Men se upp s\u00e5 det inte blir en flykt fr\u00e5n verkligheten. Faran med oss svalor \u00e4r att vi \u00e4ven symboliseras med flyk fr\u00e5n h\u00f6sten, kylan och vintern.&nbsp;&nbsp;Du f\u00e5r inte fly fr\u00e5n s\u00e5nt som \u00e4r viktigt \u00e4ven, om det tar emot och kanske skr\u00e4mmer dig. M\u00f6t dina motg\u00e5ngar med hopp om seger och dina dr\u00f6mmar kommer att segra.<\/p>\n\n\n\n<p>N\u00e4r du beh\u00f6ver min energi, blicka d\u00e5 upp mot himlen, blunda sedan och du ser mig segla h\u00f6gt upp i skyn. D\u00e5 k\u00e4nner du hur min ljusa, hoppfulla energi fyller hela dig.<\/p>\n\n\n\n<p>\u2b50\ufe0fDen gula klanen st\u00e5r f\u00f6r: sinnet, tron, luft, gult, v\u00e5r, \u00f6ster, \u00f6ppna ytor, f\u00e4lt, \u00e5krar, str\u00e4nder, hagar, dr\u00f6mmar, visioner, lek, gl\u00e4dje, lugn, f\u00f6delse, s\u00e5 fr\u00f6n\u2b50\ufe0f<\/p>\n\n\n\n<figure class=\"wp-block-image size-full\"><img loading=\"lazy\" decoding=\"async\" width=\"1024\" height=\"1024\" src=\"https:\/\/kraftdjur.com\/wp-content\/uploads\/2025\/03\/Svalan.jpg\" alt=\"\" class=\"wp-image-764\" srcset=\"https:\/\/kraftdjur.com\/wp-content\/uploads\/2025\/03\/Svalan.jpg 1024w, https:\/\/kraftdjur.com\/wp-content\/uploads\/2025\/03\/Svalan-300x300.jpg 300w, https:\/\/kraftdjur.com\/wp-content\/uploads\/2025\/03\/Svalan-150x150.jpg 150w, https:\/\/kraftdjur.com\/wp-content\/uploads\/2025\/03\/Svalan-768x768.jpg 768w\" sizes=\"auto, (max-width: 1024px) 100vw, 1024px\" \/><\/figure>\n","protected":false},"excerpt":{"rendered":"<p>SVALAN &#8211; gl\u00e4dje, dr\u00f6mmar, flykt Svalan sa: En svala g\u00f6r ingen sommar&nbsp; Ja, s\u00e5 brukar ni m\u00e4nniskor s\u00e4ga om oss svalor. Vi \u00e4r symbolen f\u00f6r att nu \u00e4r sommaren h\u00e4r. &hellip; <\/p>\n","protected":false},"author":1,"featured_media":764,"comment_status":"open","ping_status":"open","sticky":false,"template":"","format":"standard","meta":{"footnotes":""},"categories":[9],"tags":[22],"class_list":["post-415","post","type-post","status-publish","format-standard","has-post-thumbnail","hentry","category-faglar","tag-gula-klanen"],"_links":{"self":[{"href":"https:\/\/kraftdjur.com\/index.php\/wp-json\/wp\/v2\/posts\/415","targetHints":{"allow":["GET"]}}],"collection":[{"href":"https:\/\/kraftdjur.com\/index.php\/wp-json\/wp\/v2\/posts"}],"about":[{"href":"https:\/\/kraftdjur.com\/index.php\/wp-json\/wp\/v2\/types\/post"}],"author":[{"embeddable":true,"href":"https:\/\/kraftdjur.com\/index.php\/wp-json\/wp\/v2\/users\/1"}],"replies":[{"embeddable":true,"href":"https:\/\/kraftdjur.com\/index.php\/wp-json\/wp\/v2\/comments?post=415"}],"version-history":[{"count":2,"href":"https:\/\/kraftdjur.com\/index.php\/wp-json\/wp\/v2\/posts\/415\/revisions"}],"predecessor-version":[{"id":765,"href":"https:\/\/kraftdjur.com\/index.php\/wp-json\/wp\/v2\/posts\/415\/revisions\/765"}],"wp:featuredmedia":[{"embeddable":true,"href":"https:\/\/kraftdjur.com\/index.php\/wp-json\/wp\/v2\/media\/764"}],"wp:attachment":[{"href":"https:\/\/kraftdjur.com\/index.php\/wp-json\/wp\/v2\/media?parent=415"}],"wp:term":[{"taxonomy":"category","embeddable":true,"href":"https:\/\/kraftdjur.com\/index.php\/wp-json\/wp\/v2\/categories?post=415"},{"taxonomy":"post_tag","embeddable":true,"href":"https:\/\/kraftdjur.com\/index.php\/wp-json\/wp\/v2\/tags?post=415"}],"curies":[{"name":"wp","href":"https:\/\/api.w.org\/{rel}","templated":true}]}}