{"id":409,"date":"2025-03-26T15:11:16","date_gmt":"2025-03-26T14:11:16","guid":{"rendered":"https:\/\/kraftdjur.com\/?p=409"},"modified":"2025-07-12T18:10:58","modified_gmt":"2025-07-12T16:10:58","slug":"vildsvinet","status":"publish","type":"post","link":"https:\/\/kraftdjur.com\/index.php\/2025\/03\/26\/vildsvinet\/","title":{"rendered":"Vildsvinet\ud83c\udf4f"},"content":{"rendered":"\n<p><strong>VILDSVINET &#8211; styrka, uth\u00e5llighet , f\u00f6rsvar<\/strong><\/p>\n\n\n\n<p>Vildsvinet sa:<\/p>\n\n\n\n<p>Jag \u00e4r den r\u00e5a, den vilda styrkan som med mjuk j\u00e4rnhand styr min flock. Jag kan uppfattas som h\u00e5rd men \u00e4r alltid r\u00e4ttvis. Dom jag \u00e4lskar, oavsett om det \u00e4r djur eller m\u00e4nniskor, \u00e4r jag mild och god mot och ger av allt jag \u00e4ger och har till. Jag \u00e4r alltid beredd att offra allt f\u00f6r att skydda de mina.&nbsp;&nbsp;Man ska akta sig f\u00f6r att bli ov\u00e4n med mig, f\u00f6r det kan g\u00f6ra ont.<\/p>\n\n\n\n<p>Den partner jag v\u00e4ljer att dela mitt liv med m\u00e5ste visa sig v\u00e4rdig att leva med mig, b\u00e5de intellektuellt och sj\u00e4lsligt.&nbsp;&nbsp;Om den ena partnern \u00e4r underl\u00e4gsen den andre, kommer balansen att rubbas och livet bli s\u00e5 mycket jobbigare. Det enda som d\u00e5 kan r\u00e5da bot \u00e4r \u00f6ppen, \u00e4rlig kommunikation och givmildhet.<\/p>\n\n\n\n<p>Vi vildsvin uppfattas m\u00e5nga g\u00e5nger som skygga och introverta , men \u00e4r i verkligheten oerh\u00f6rt sociala bland v\u00e5ra likasinnade.<\/p>\n\n\n\n<p>V\u00e5ra rituella vildsvinsstigar finns \u00e4ven i din inre v\u00e4rld. F\u00f6lj dem och du kommer att m\u00f6ta ett vilt djur som \u00e4r spegelbilden av dig sj\u00e4lv. Titta n\u00e4ra och intensivt p\u00e5 detta djur och du kommer att uppt\u00e4cka att Universums eviga energi lyser inom dig. L\u00e5t det ljuset leda dig p\u00e5 livets stigar och du kommer att utf\u00f6ra genuina hj\u00e4lteinsatser i en v\u00e4rld som l\u00e4ngtar efter insikt och healing.<\/p>\n\n\n\n<p>N\u00e4r du tror att hoppl\u00f6shetens m\u00f6rker omger dig , t\u00e4nk d\u00e5 p\u00e5 mig, Vildsvinet, och min ljusa med vilda energi kommer att ge dig styrka, mod och uth\u00e5llighet.<\/p>\n\n\n\n<p>\ud83c\udf4fDen gr\u00f6na klanen st\u00e5r f\u00f6r: kroppen, visdom, jord, gr\u00f6nt, h\u00f6st, v\u00e4ster, skogen, jorden, berget, stenar, det fysiska, agera, magk\u00e4nslan, g\u00f6ra praktiskt, v\u00e5rda, ge n\u00e4ring, ge liv, sk\u00f6rda\ud83c\udf4f<\/p>\n\n\n\n<figure class=\"wp-block-image size-full\"><img loading=\"lazy\" decoding=\"async\" width=\"1024\" height=\"1024\" src=\"https:\/\/kraftdjur.com\/wp-content\/uploads\/2025\/03\/Vildsvinet-1.jpg\" alt=\"\" class=\"wp-image-767\" srcset=\"https:\/\/kraftdjur.com\/wp-content\/uploads\/2025\/03\/Vildsvinet-1.jpg 1024w, https:\/\/kraftdjur.com\/wp-content\/uploads\/2025\/03\/Vildsvinet-1-300x300.jpg 300w, https:\/\/kraftdjur.com\/wp-content\/uploads\/2025\/03\/Vildsvinet-1-150x150.jpg 150w, https:\/\/kraftdjur.com\/wp-content\/uploads\/2025\/03\/Vildsvinet-1-768x768.jpg 768w\" sizes=\"auto, (max-width: 1024px) 100vw, 1024px\" \/><\/figure>\n","protected":false},"excerpt":{"rendered":"<p>VILDSVINET &#8211; styrka, uth\u00e5llighet , f\u00f6rsvar Vildsvinet sa: Jag \u00e4r den r\u00e5a, den vilda styrkan som med mjuk j\u00e4rnhand styr min flock. Jag kan uppfattas som h\u00e5rd men \u00e4r alltid &hellip; <\/p>\n","protected":false},"author":1,"featured_media":767,"comment_status":"open","ping_status":"open","sticky":false,"template":"","format":"standard","meta":{"footnotes":""},"categories":[19],"tags":[23],"class_list":["post-409","post","type-post","status-publish","format-standard","has-post-thumbnail","hentry","category-vaxtatare-inom-daggdjur","tag-grona-klanen"],"_links":{"self":[{"href":"https:\/\/kraftdjur.com\/index.php\/wp-json\/wp\/v2\/posts\/409","targetHints":{"allow":["GET"]}}],"collection":[{"href":"https:\/\/kraftdjur.com\/index.php\/wp-json\/wp\/v2\/posts"}],"about":[{"href":"https:\/\/kraftdjur.com\/index.php\/wp-json\/wp\/v2\/types\/post"}],"author":[{"embeddable":true,"href":"https:\/\/kraftdjur.com\/index.php\/wp-json\/wp\/v2\/users\/1"}],"replies":[{"embeddable":true,"href":"https:\/\/kraftdjur.com\/index.php\/wp-json\/wp\/v2\/comments?post=409"}],"version-history":[{"count":3,"href":"https:\/\/kraftdjur.com\/index.php\/wp-json\/wp\/v2\/posts\/409\/revisions"}],"predecessor-version":[{"id":768,"href":"https:\/\/kraftdjur.com\/index.php\/wp-json\/wp\/v2\/posts\/409\/revisions\/768"}],"wp:featuredmedia":[{"embeddable":true,"href":"https:\/\/kraftdjur.com\/index.php\/wp-json\/wp\/v2\/media\/767"}],"wp:attachment":[{"href":"https:\/\/kraftdjur.com\/index.php\/wp-json\/wp\/v2\/media?parent=409"}],"wp:term":[{"taxonomy":"category","embeddable":true,"href":"https:\/\/kraftdjur.com\/index.php\/wp-json\/wp\/v2\/categories?post=409"},{"taxonomy":"post_tag","embeddable":true,"href":"https:\/\/kraftdjur.com\/index.php\/wp-json\/wp\/v2\/tags?post=409"}],"curies":[{"name":"wp","href":"https:\/\/api.w.org\/{rel}","templated":true}]}}