{"id":391,"date":"2025-03-26T15:00:33","date_gmt":"2025-03-26T14:00:33","guid":{"rendered":"https:\/\/kraftdjur.com\/?p=391"},"modified":"2025-07-12T18:14:06","modified_gmt":"2025-07-12T16:14:06","slug":"strutsen","status":"publish","type":"post","link":"https:\/\/kraftdjur.com\/index.php\/2025\/03\/26\/strutsen\/","title":{"rendered":"Strutsen \u2b50\ufe0f"},"content":{"rendered":"\n<p><strong>STRUTSEN &#8211; dansa, gl\u00e4dje, fokus, enskildhet\u00a0<\/strong><\/p>\n\n\n\n<p>Strutsen sa:&nbsp;<\/p>\n\n\n\n<p>M\u00e5nga beskyller mig f\u00f6r att vara dum och stoppa huvudet i sanden n\u00e4r det blir problem. Det \u00e4r inte sant. Med mina stora vackra \u00f6gon ser jag allt och beh\u00f6ver ibland sk\u00e4rma av mig fr\u00e5n alla intryck och fokusera mig. D\u00e5 stoppar jag huvudet i sanden (och det h\u00e4nder att jag samtidigt hittar n\u00e5got \u00e4tbart).&nbsp;&nbsp;Du beh\u00f6ver ocks\u00e5 sk\u00e4rma av dig ibland! St\u00e4ng av alla ing\u00e5ende kanaler som mobiler, mail m.m. och tillbringa en stund i enskildhet och t\u00e4nk p\u00e5 mig. D\u00e5 skapar du ny energi. G\u00e5 sedan ut och dansa, spring, hoppa och sjung. V\u00e5ra kroppar \u00e4r gjorda f\u00f6r att r\u00f6ra p\u00e5 sig. V\u00e5ga vara lite &#8220;crazy&#8221; som vi strutsar n\u00e4r vi dansar runt, det \u00e4r s\u00e5 h\u00e4rligt befriande.<\/p>\n\n\n\n<p>N\u00e4r du dansar och r\u00f6r dig av gl\u00e4dje, d\u00e5 k\u00e4nner du min energi som \u00e4r med dig.<\/p>\n\n\n\n<p>\u2b50\ufe0fDen gula klanen st\u00e5r f\u00f6r: sinnet, tron, luft, gult, v\u00e5r, \u00f6ster, \u00f6ppna ytor, f\u00e4lt, \u00e5krar, str\u00e4nder, hagar, dr\u00f6mmar, visioner, lek, gl\u00e4dje, lugn, f\u00f6delse, s\u00e5 fr\u00f6n\u2b50\ufe0f<\/p>\n\n\n\n<figure class=\"wp-block-image size-full\"><img loading=\"lazy\" decoding=\"async\" width=\"1024\" height=\"1024\" src=\"https:\/\/kraftdjur.com\/wp-content\/uploads\/2025\/03\/Strutsen.png\" alt=\"\" class=\"wp-image-392\" srcset=\"https:\/\/kraftdjur.com\/wp-content\/uploads\/2025\/03\/Strutsen.png 1024w, https:\/\/kraftdjur.com\/wp-content\/uploads\/2025\/03\/Strutsen-300x300.png 300w, https:\/\/kraftdjur.com\/wp-content\/uploads\/2025\/03\/Strutsen-150x150.png 150w, https:\/\/kraftdjur.com\/wp-content\/uploads\/2025\/03\/Strutsen-768x768.png 768w\" sizes=\"auto, (max-width: 1024px) 100vw, 1024px\" \/><\/figure>\n","protected":false},"excerpt":{"rendered":"<p>STRUTSEN &#8211; dansa, gl\u00e4dje, fokus, enskildhet\u00a0 Strutsen sa:&nbsp; M\u00e5nga beskyller mig f\u00f6r att vara dum och stoppa huvudet i sanden n\u00e4r det blir problem. Det \u00e4r inte sant. Med mina &hellip; <\/p>\n","protected":false},"author":1,"featured_media":392,"comment_status":"open","ping_status":"open","sticky":false,"template":"","format":"standard","meta":{"footnotes":""},"categories":[9],"tags":[22],"class_list":["post-391","post","type-post","status-publish","format-standard","has-post-thumbnail","hentry","category-faglar","tag-gula-klanen"],"_links":{"self":[{"href":"https:\/\/kraftdjur.com\/index.php\/wp-json\/wp\/v2\/posts\/391","targetHints":{"allow":["GET"]}}],"collection":[{"href":"https:\/\/kraftdjur.com\/index.php\/wp-json\/wp\/v2\/posts"}],"about":[{"href":"https:\/\/kraftdjur.com\/index.php\/wp-json\/wp\/v2\/types\/post"}],"author":[{"embeddable":true,"href":"https:\/\/kraftdjur.com\/index.php\/wp-json\/wp\/v2\/users\/1"}],"replies":[{"embeddable":true,"href":"https:\/\/kraftdjur.com\/index.php\/wp-json\/wp\/v2\/comments?post=391"}],"version-history":[{"count":3,"href":"https:\/\/kraftdjur.com\/index.php\/wp-json\/wp\/v2\/posts\/391\/revisions"}],"predecessor-version":[{"id":774,"href":"https:\/\/kraftdjur.com\/index.php\/wp-json\/wp\/v2\/posts\/391\/revisions\/774"}],"wp:featuredmedia":[{"embeddable":true,"href":"https:\/\/kraftdjur.com\/index.php\/wp-json\/wp\/v2\/media\/392"}],"wp:attachment":[{"href":"https:\/\/kraftdjur.com\/index.php\/wp-json\/wp\/v2\/media?parent=391"}],"wp:term":[{"taxonomy":"category","embeddable":true,"href":"https:\/\/kraftdjur.com\/index.php\/wp-json\/wp\/v2\/categories?post=391"},{"taxonomy":"post_tag","embeddable":true,"href":"https:\/\/kraftdjur.com\/index.php\/wp-json\/wp\/v2\/tags?post=391"}],"curies":[{"name":"wp","href":"https:\/\/api.w.org\/{rel}","templated":true}]}}