{"id":388,"date":"2025-03-26T14:59:01","date_gmt":"2025-03-26T13:59:01","guid":{"rendered":"https:\/\/kraftdjur.com\/?p=388"},"modified":"2025-07-12T18:14:41","modified_gmt":"2025-07-12T16:14:41","slug":"elefanten","status":"publish","type":"post","link":"https:\/\/kraftdjur.com\/index.php\/2025\/03\/26\/elefanten\/","title":{"rendered":"Elefanten\ud83c\udf4f"},"content":{"rendered":"\n<p><strong>ELEFANTEN- l\u00e4ka sorg, healing, minnen<\/strong><\/p>\n\n\n\n<p>Elefanten sa:<\/p>\n\n\n\n<p>Jag vet att du b\u00e4r p\u00e5 en stor sorg som aldrig f\u00e5tt l\u00e4ka ut. Det \u00e4r s\u00e5 l\u00e4nge sedan att du inte l\u00e4ngre minns vad det \u00e4r du s\u00f6rjer. Du d\u00f6ljer din sorg f\u00f6r andra men ocks\u00e5 f\u00f6r dig sj\u00e4lv. Men, en elefant gl\u00f6mmer aldrig. Sl\u00e4pp fram dina t\u00e5rar och l\u00e5t mig sk\u00f6lja bort dem. N\u00e4r du till\u00e5ter dig sj\u00e4lv att s\u00f6rja fullt ut kommer du minnas vad din stora sorg kommer ifr\u00e5n. N\u00e4r du m\u00f6ter din sorg, minns d\u00e5 att jag \u00e4r med dig och jag \u00e4r stark, b\u00e5de till kropp och sj\u00e4l. F\u00f6rst n\u00e4r du m\u00f6ter din sorg och minns, d\u00e5 kan du bli fr\u00e5n den.&nbsp;&nbsp;Gr\u00e5t min v\u00e4n och l\u00e5t vatten sk\u00f6lja bort dem. Min energi ska hj\u00e4lpa dig p\u00e5 samma s\u00e4tt som jag sprutar vatten med min snabel. N\u00e4r du gr\u00e5tit klart, v\u00e4nd d\u00e5 ditt ansikte mot solen och le fr\u00e5n ditt hj\u00e4rta. K\u00e4nn min n\u00e4rvaro och styrka och vet att jag g\u00e5r med dig genom livet.<\/p>\n\n\n\n<p>\ud83c\udf4fDen gr\u00f6na klanen st\u00e5r f\u00f6r: kroppen, visdom, jord, gr\u00f6nt, h\u00f6st, v\u00e4ster, skogen, jorden, berget, stenar, det fysiska, agera, magk\u00e4nslan, g\u00f6ra praktiskt, v\u00e5rda, ge n\u00e4ring, ge liv, sk\u00f6rda\ud83c\udf4f<\/p>\n\n\n\n<figure class=\"wp-block-image size-full\"><img loading=\"lazy\" decoding=\"async\" width=\"1024\" height=\"1024\" src=\"https:\/\/kraftdjur.com\/wp-content\/uploads\/2025\/03\/Elefanten.png\" alt=\"\" class=\"wp-image-389\" srcset=\"https:\/\/kraftdjur.com\/wp-content\/uploads\/2025\/03\/Elefanten.png 1024w, https:\/\/kraftdjur.com\/wp-content\/uploads\/2025\/03\/Elefanten-300x300.png 300w, https:\/\/kraftdjur.com\/wp-content\/uploads\/2025\/03\/Elefanten-150x150.png 150w, https:\/\/kraftdjur.com\/wp-content\/uploads\/2025\/03\/Elefanten-768x768.png 768w\" sizes=\"auto, (max-width: 1024px) 100vw, 1024px\" \/><\/figure>\n","protected":false},"excerpt":{"rendered":"<p>ELEFANTEN- l\u00e4ka sorg, healing, minnen Elefanten sa: Jag vet att du b\u00e4r p\u00e5 en stor sorg som aldrig f\u00e5tt l\u00e4ka ut. Det \u00e4r s\u00e5 l\u00e4nge sedan att du inte l\u00e4ngre &hellip; <\/p>\n","protected":false},"author":1,"featured_media":389,"comment_status":"open","ping_status":"open","sticky":false,"template":"","format":"standard","meta":{"footnotes":""},"categories":[19],"tags":[23],"class_list":["post-388","post","type-post","status-publish","format-standard","has-post-thumbnail","hentry","category-vaxtatare-inom-daggdjur","tag-grona-klanen"],"_links":{"self":[{"href":"https:\/\/kraftdjur.com\/index.php\/wp-json\/wp\/v2\/posts\/388","targetHints":{"allow":["GET"]}}],"collection":[{"href":"https:\/\/kraftdjur.com\/index.php\/wp-json\/wp\/v2\/posts"}],"about":[{"href":"https:\/\/kraftdjur.com\/index.php\/wp-json\/wp\/v2\/types\/post"}],"author":[{"embeddable":true,"href":"https:\/\/kraftdjur.com\/index.php\/wp-json\/wp\/v2\/users\/1"}],"replies":[{"embeddable":true,"href":"https:\/\/kraftdjur.com\/index.php\/wp-json\/wp\/v2\/comments?post=388"}],"version-history":[{"count":3,"href":"https:\/\/kraftdjur.com\/index.php\/wp-json\/wp\/v2\/posts\/388\/revisions"}],"predecessor-version":[{"id":775,"href":"https:\/\/kraftdjur.com\/index.php\/wp-json\/wp\/v2\/posts\/388\/revisions\/775"}],"wp:featuredmedia":[{"embeddable":true,"href":"https:\/\/kraftdjur.com\/index.php\/wp-json\/wp\/v2\/media\/389"}],"wp:attachment":[{"href":"https:\/\/kraftdjur.com\/index.php\/wp-json\/wp\/v2\/media?parent=388"}],"wp:term":[{"taxonomy":"category","embeddable":true,"href":"https:\/\/kraftdjur.com\/index.php\/wp-json\/wp\/v2\/categories?post=388"},{"taxonomy":"post_tag","embeddable":true,"href":"https:\/\/kraftdjur.com\/index.php\/wp-json\/wp\/v2\/tags?post=388"}],"curies":[{"name":"wp","href":"https:\/\/api.w.org\/{rel}","templated":true}]}}