{"id":379,"date":"2025-03-26T14:51:32","date_gmt":"2025-03-26T13:51:32","guid":{"rendered":"https:\/\/kraftdjur.com\/?p=379"},"modified":"2025-07-12T18:16:39","modified_gmt":"2025-07-12T16:16:39","slug":"notskrikan","status":"publish","type":"post","link":"https:\/\/kraftdjur.com\/index.php\/2025\/03\/26\/notskrikan\/","title":{"rendered":"N\u00f6tskrikan \ud83c\udf4f"},"content":{"rendered":"\n<p><strong>N\u00d6TSKRIKAN &#8211; vaksamhet, m\u00f6jligheter, kunskap<\/strong><\/p>\n\n\n\n<p>N\u00f6tskrikan sa:<\/p>\n\n\n\n<p>Det finns m\u00e5nga s\u00e4gner och ber\u00e4ttelser om oss N\u00f6tskrikor.<\/p>\n\n\n\n<p>I vissa delar av Sverige anses vi vara en f\u00e5gel som kommer med lycka och framf\u00f6r allt god tur i jakt. I andra delar av landet anses vi vara otursf\u00e5glar. Var man p\u00e5 v\u00e4g till ett viktigt m\u00f6te eller \u00e4rende och m\u00f6tte en N\u00f6tskrika, ja d\u00e5 var det b\u00e4st att v\u00e4nda om innan olyckan kom.<\/p>\n\n\n\n<p>Inom den keltiska tron sa man att vi N\u00f6tskrikor stod i f\u00f6rbindelse med druidernas sj\u00e4lar eftersom vi g\u00e4rna samlar p\u00e5 ekollon som vi g\u00f6mmer inf\u00f6r vintern. Vi gl\u00f6mmer alltid bort n\u00e5gra ekollon och dessa kan d\u00e5 gro och v\u00e4xa sig till nya magnifika ekar och d\u00e4rmed \u00e4r druidernas heliga ek s\u00e4krad f\u00f6r all framtid.<\/p>\n\n\n\n<p>Vi N\u00f6tskrikor \u00e4r otroligt duktiga v\u00e4ktare och varnar, b\u00e5de djur och m\u00e4nniskor , f\u00f6r annalkande fiender. Var vaksam p\u00e5 vad som sker omkring dig, f\u00f6r allt kanske inte \u00e4r vad det ser ut att vara.<\/p>\n\n\n\n<p>Med vaksamhet och uppm\u00e4rksamhet h\u00f6r och ser du allt l\u00e5ngt f\u00f6re alla andra och \u00e4ven det andra inte ser. Att inta en mer tillbakadragen st\u00e4llning och iaktta, trots att du syns i hela dina vackra prakt, kan ge dig tillf\u00e4llen du annars bara sprungit f\u00f6rbi. Att vara vaksam p\u00e5 det som sker fyller flera funktioner, du anar or\u00e5d f\u00f6re alla andra men du ser \u00e4ven m\u00f6jligheter f\u00f6re alla andra. N\u00e4r m\u00f6jligheterna dyker upp ska du f\u00f6lja ditt hj\u00e4rtas innersta dr\u00f6mmar, d\u00e5 kommer allt g\u00e5 enligt den heliga planen f\u00f6r ditt liv och du kommer att n\u00e5 dina m\u00e5l.&nbsp;<\/p>\n\n\n\n<p>V\u00e4gen till ditt m\u00e5l kanske inte alltid blir som du t\u00e4nkte och trodde, men det beror endast p\u00e5 att du beh\u00f6ver l\u00e4ra dig n\u00e5got under resans g\u00e5ng. Ta emot varje l\u00e4rdom med tacksamhet, f\u00f6r det f\u00e5r dig att v\u00e4xa som m\u00e4nniska och individ. Det \u00e4r roligt att lyckas, men det \u00e4r av misstagen man g\u00f6r de st\u00f6rsta l\u00e4rdomarna. Kunskap m\u00e5ste kompletteras med erfarenhet.<\/p>\n\n\n\n<p>Du kan r\u00e5ka ut f\u00f6r avundsjuka fr\u00e5n andra. Avundsjuka f\u00f6r att du \u00e4r b\u00e5de vacker och klok, men deras avundsjuka beror enbart p\u00e5 okunskap. Sprid din kunskap till dessa m\u00e4nniskor och andra kommer att ta l\u00e4rdom av dig.<\/p>\n\n\n\n<p>N\u00e4r du ser mig, k\u00e4nn att min energi finns inom dig och att din inre styrka v\u00e4xer.&nbsp;&nbsp;<\/p>\n\n\n\n<p>\ud83c\udf4fDen gr\u00f6na klanen st\u00e5r f\u00f6r: kroppen, visdom, jord, gr\u00f6nt, h\u00f6st, v\u00e4ster, skogen, jorden, berget, stenar, det fysiska, agera, magk\u00e4nslan, g\u00f6ra praktiskt, v\u00e5rda, ge n\u00e4ring, ge liv, sk\u00f6rda\ud83c\udf4f<\/p>\n\n\n\n<figure class=\"wp-block-image size-full\"><img loading=\"lazy\" decoding=\"async\" width=\"1024\" height=\"1024\" src=\"https:\/\/kraftdjur.com\/wp-content\/uploads\/2025\/03\/Notskrikan.jpg\" alt=\"\" class=\"wp-image-380\" srcset=\"https:\/\/kraftdjur.com\/wp-content\/uploads\/2025\/03\/Notskrikan.jpg 1024w, https:\/\/kraftdjur.com\/wp-content\/uploads\/2025\/03\/Notskrikan-300x300.jpg 300w, https:\/\/kraftdjur.com\/wp-content\/uploads\/2025\/03\/Notskrikan-150x150.jpg 150w, https:\/\/kraftdjur.com\/wp-content\/uploads\/2025\/03\/Notskrikan-768x768.jpg 768w\" sizes=\"auto, (max-width: 1024px) 100vw, 1024px\" \/><\/figure>\n","protected":false},"excerpt":{"rendered":"<p>N\u00d6TSKRIKAN &#8211; vaksamhet, m\u00f6jligheter, kunskap N\u00f6tskrikan sa: Det finns m\u00e5nga s\u00e4gner och ber\u00e4ttelser om oss N\u00f6tskrikor. I vissa delar av Sverige anses vi vara en f\u00e5gel som kommer med lycka &hellip; <\/p>\n","protected":false},"author":1,"featured_media":380,"comment_status":"open","ping_status":"open","sticky":false,"template":"","format":"standard","meta":{"footnotes":""},"categories":[9],"tags":[23],"class_list":["post-379","post","type-post","status-publish","format-standard","has-post-thumbnail","hentry","category-faglar","tag-grona-klanen"],"_links":{"self":[{"href":"https:\/\/kraftdjur.com\/index.php\/wp-json\/wp\/v2\/posts\/379","targetHints":{"allow":["GET"]}}],"collection":[{"href":"https:\/\/kraftdjur.com\/index.php\/wp-json\/wp\/v2\/posts"}],"about":[{"href":"https:\/\/kraftdjur.com\/index.php\/wp-json\/wp\/v2\/types\/post"}],"author":[{"embeddable":true,"href":"https:\/\/kraftdjur.com\/index.php\/wp-json\/wp\/v2\/users\/1"}],"replies":[{"embeddable":true,"href":"https:\/\/kraftdjur.com\/index.php\/wp-json\/wp\/v2\/comments?post=379"}],"version-history":[{"count":2,"href":"https:\/\/kraftdjur.com\/index.php\/wp-json\/wp\/v2\/posts\/379\/revisions"}],"predecessor-version":[{"id":779,"href":"https:\/\/kraftdjur.com\/index.php\/wp-json\/wp\/v2\/posts\/379\/revisions\/779"}],"wp:featuredmedia":[{"embeddable":true,"href":"https:\/\/kraftdjur.com\/index.php\/wp-json\/wp\/v2\/media\/380"}],"wp:attachment":[{"href":"https:\/\/kraftdjur.com\/index.php\/wp-json\/wp\/v2\/media?parent=379"}],"wp:term":[{"taxonomy":"category","embeddable":true,"href":"https:\/\/kraftdjur.com\/index.php\/wp-json\/wp\/v2\/categories?post=379"},{"taxonomy":"post_tag","embeddable":true,"href":"https:\/\/kraftdjur.com\/index.php\/wp-json\/wp\/v2\/tags?post=379"}],"curies":[{"name":"wp","href":"https:\/\/api.w.org\/{rel}","templated":true}]}}