{"id":355,"date":"2025-03-26T14:35:00","date_gmt":"2025-03-26T13:35:00","guid":{"rendered":"https:\/\/kraftdjur.com\/?p=355"},"modified":"2025-07-12T18:21:38","modified_gmt":"2025-07-12T16:21:38","slug":"krakan","status":"publish","type":"post","link":"https:\/\/kraftdjur.com\/index.php\/2025\/03\/26\/krakan\/","title":{"rendered":"Kr\u00e5kan \u2764\ufe0f"},"content":{"rendered":"\n<p><strong>KR\u00c5KAN &#8211; andlig styrka, kreativ, vaksam<\/strong><\/p>\n\n\n\n<p>Kr\u00e5kan sa:<\/p>\n\n\n\n<p>Vi kr\u00e5kor har, liksom korpen, ett negativt symbolv\u00e4rde i Europa och kopplas ofta till otur, d\u00f6d och ondska. Kanske p\u00e5 grund av att vi b\u00e5da r\u00e4knas som as\u00e4tande f\u00e5glar. I Japan symboliserar vi familjek\u00e4rlek.<\/p>\n\n\n\n<p>F\u00f6r Native American d\u00e4remot, anses kr\u00e5kan vara en kreativ och kultiverande solf\u00e5gel.&nbsp;<\/p>\n\n\n\n<p>En legend ber\u00e4ttar om en vit kr\u00e5ka som varnar buffelhjorden varje g\u00e5ng j\u00e4garna n\u00e4rmade sig.&nbsp;&nbsp;Detta ledde till hunger och sv\u00e4lt i j\u00e4garnas stam. Kr\u00e5kan f\u00e5ngades s\u00e5 sm\u00e5ningom av j\u00e4garna och kr\u00e5kan kastas i elden.&nbsp;&nbsp;Men den hinner fly innan den brinner upp och endast vissa fj\u00e4drar blir svarta och resten gr\u00e5. D\u00e4rav dess trista f\u00e4rg p\u00e5 sina fj\u00e4drar. N\u00e4r kr\u00e5kan flyger iv\u00e4g lovar den att aldrig mer varna buffelhjorden n\u00e4r j\u00e4garna n\u00e4rmar sig. Och sedan den dagen \u00e4r vi symbolen f\u00f6r f\u00f6rm\u00e5gan att ta sig ur elden och starta f\u00f6rnyelse och transformation.<\/p>\n\n\n\n<p>Mitt utseende m\u00e5 vara alldagligt, och nu vet ni varf\u00f6r, men min energi \u00e4r oerh\u00f6rt stark och magisk. Den som b\u00e4r min energi inom sig dras till det \u00f6vernaturliga och har g\u00e5van att kunna se det osynliga och k\u00e4nna det ok\u00e4nda. Jag kan se det f\u00f6rflutna lika klart som jag ser det som sker h\u00e4r och nu och sk\u00e5dar in i framtiden.<\/p>\n\n\n\n<p>Du \u00e4r nu p\u00e5 v\u00e4g att manifestera n\u00e5got du arbetat med ett tag. Var vaksam, f\u00f6r inom kort kommer du att f\u00e5 tydliga tecken som kommer att v\u00e4gleda dig mot m\u00e5let eller ge dig den kunskap du beh\u00f6ver. Min st\u00f6rsta styrka \u00e4r att alltid l\u00e4ra mig nya saker. Inf\u00f6r nya utmaningar \u00e4r kunskap b\u00e4sta vapnet.<\/p>\n\n\n\n<p>F\u00f6r att f\u00e5 balans beh\u00f6ver vi alla h\u00e4lsosam kost, omge oss med glada v\u00e4nner och avs\u00e4tta stunder f\u00f6r att blicka in\u00e5t i oss sj\u00e4lva, kanske meditera en stund ute i naturen.<\/p>\n\n\n\n<p>N\u00e4r du st\u00e5r inf\u00f6r f\u00f6r\u00e4ndringar som har direkt p\u00e5verkan p\u00e5 dig och ditt liv och k\u00e4nner dig vilsen och obeslutsam, ta d\u00e5 hj\u00e4lp av min energi.<\/p>\n\n\n\n<p>S\u00e5 n\u00e4sta g\u00e5ng du h\u00f6r en Kr\u00e5ka kraxa, k\u00e4nn min styrka och magi inom dig!<\/p>\n\n\n\n<p>\u2764\ufe0f&nbsp;Den r\u00f6da klanen st\u00e5r f\u00f6r: hj\u00e4rtat, k\u00e4rleken, eld, r\u00f6tt, sommar, s\u00f6der, st\u00e4der, byggnader, ledaren, m\u00e5let, vinna, brinner f\u00f6r, eldsj\u00e4lar, att stimulera, v\u00e4xa, utvecklas\u2764\ufe0f<\/p>\n\n\n\n<figure class=\"wp-block-image size-full\"><img loading=\"lazy\" decoding=\"async\" width=\"1024\" height=\"1024\" src=\"https:\/\/kraftdjur.com\/wp-content\/uploads\/2025\/03\/Krakan.jpg\" alt=\"\" class=\"wp-image-788\" srcset=\"https:\/\/kraftdjur.com\/wp-content\/uploads\/2025\/03\/Krakan.jpg 1024w, https:\/\/kraftdjur.com\/wp-content\/uploads\/2025\/03\/Krakan-300x300.jpg 300w, https:\/\/kraftdjur.com\/wp-content\/uploads\/2025\/03\/Krakan-150x150.jpg 150w, https:\/\/kraftdjur.com\/wp-content\/uploads\/2025\/03\/Krakan-768x768.jpg 768w\" sizes=\"auto, (max-width: 1024px) 100vw, 1024px\" \/><\/figure>\n","protected":false},"excerpt":{"rendered":"<p>KR\u00c5KAN &#8211; andlig styrka, kreativ, vaksam Kr\u00e5kan sa: Vi kr\u00e5kor har, liksom korpen, ett negativt symbolv\u00e4rde i Europa och kopplas ofta till otur, d\u00f6d och ondska. Kanske p\u00e5 grund av &hellip; <\/p>\n","protected":false},"author":1,"featured_media":788,"comment_status":"open","ping_status":"open","sticky":false,"template":"","format":"standard","meta":{"footnotes":""},"categories":[9],"tags":[21],"class_list":["post-355","post","type-post","status-publish","format-standard","has-post-thumbnail","hentry","category-faglar","tag-roda-klanen"],"_links":{"self":[{"href":"https:\/\/kraftdjur.com\/index.php\/wp-json\/wp\/v2\/posts\/355","targetHints":{"allow":["GET"]}}],"collection":[{"href":"https:\/\/kraftdjur.com\/index.php\/wp-json\/wp\/v2\/posts"}],"about":[{"href":"https:\/\/kraftdjur.com\/index.php\/wp-json\/wp\/v2\/types\/post"}],"author":[{"embeddable":true,"href":"https:\/\/kraftdjur.com\/index.php\/wp-json\/wp\/v2\/users\/1"}],"replies":[{"embeddable":true,"href":"https:\/\/kraftdjur.com\/index.php\/wp-json\/wp\/v2\/comments?post=355"}],"version-history":[{"count":2,"href":"https:\/\/kraftdjur.com\/index.php\/wp-json\/wp\/v2\/posts\/355\/revisions"}],"predecessor-version":[{"id":789,"href":"https:\/\/kraftdjur.com\/index.php\/wp-json\/wp\/v2\/posts\/355\/revisions\/789"}],"wp:featuredmedia":[{"embeddable":true,"href":"https:\/\/kraftdjur.com\/index.php\/wp-json\/wp\/v2\/media\/788"}],"wp:attachment":[{"href":"https:\/\/kraftdjur.com\/index.php\/wp-json\/wp\/v2\/media?parent=355"}],"wp:term":[{"taxonomy":"category","embeddable":true,"href":"https:\/\/kraftdjur.com\/index.php\/wp-json\/wp\/v2\/categories?post=355"},{"taxonomy":"post_tag","embeddable":true,"href":"https:\/\/kraftdjur.com\/index.php\/wp-json\/wp\/v2\/tags?post=355"}],"curies":[{"name":"wp","href":"https:\/\/api.w.org\/{rel}","templated":true}]}}