{"id":346,"date":"2025-03-26T14:28:30","date_gmt":"2025-03-26T13:28:30","guid":{"rendered":"https:\/\/kraftdjur.com\/?p=346"},"modified":"2025-07-12T18:23:11","modified_gmt":"2025-07-12T16:23:11","slug":"fjallraven","status":"publish","type":"post","link":"https:\/\/kraftdjur.com\/index.php\/2025\/03\/26\/fjallraven\/","title":{"rendered":"Fj\u00e4llr\u00e4ven\ud83d\udca7"},"content":{"rendered":"\n<p><strong>FJ\u00c4LLR\u00c4VEN &#8211; envis, m\u00e5lmedveten, andlig kontakt<\/strong><\/p>\n\n\n\n<p>Fj\u00e4llr\u00e4ven sa:<\/p>\n\n\n\n<p>Vi Fj\u00e4llr\u00e4var \u00e4r b\u00e5de sm\u00e5 och s\u00e4llsynta. Vi \u00e4r bara ca 28 cm i mankh\u00f6jd och v\u00e4ger ca 2,5-5 kg. Vi \u00e4r allts\u00e5 ungef\u00e4r lika stora som en mycket liten dv\u00e4rgpudel. Redan 1928 blev vi fridlysta i Sverige och d\u00e5 vi var n\u00e4r p\u00e5 att utrotas p\u00e5 grund av v\u00e5ra vackra, varma vita p\u00e4ls. Visste du att v\u00e5r p\u00e4ls klarar av kyla \u00e4nda ner till -40\u00b0 och att vi har p\u00e4ls p\u00e5 v\u00e5ra trampdynor som skydd mot kylan.<\/p>\n\n\n\n<p>Vi Fj\u00e4llr\u00e4var kan vara v\u00e4ldigt envisa och har som motto &#8220;Kan sj\u00e4lv&#8221;. Det kan vara till en f\u00f6rdel, f\u00f6r har vi givit oss in i n\u00e5got s\u00e5 ger vi inte upp. Men ibland vore dt b\u00e4ttre att lite tidigare be om hj\u00e4lp. Se g\u00e4rna sagan &#8220;Den F\u00f6rsta Fj\u00e4llr\u00e4ven&#8221;&nbsp;&nbsp;(l\u00e4nk:&nbsp;<\/p>\n\n\n\n<p><a href=\"https:\/\/youtu.be\/XQh27CdbrU4\">Den F\u00f6rsta Fj\u00e4llr\u00e4ven &#8211; Norrskenssagor i Vinterpalatset &#8211; Sagojul p\u00e5 Kolm\u00e5rden 2020<\/a>&nbsp;)<\/p>\n\n\n\n<p>Min envisa energi g\u00f6r oss till v\u00e4ldigt m\u00e5lmedvetna och vi fungerar b\u00e4st om vi har tydliga m\u00e5l. Ibland kan det vara sv\u00e5rt att urskilja vad det egentliga m\u00e5let \u00e4r p\u00e5 grund av allt brus runt omkring oss. D\u00e5 beh\u00f6ver du lite egen tid d\u00e4r du fokuserar in\u00e5t och skapar kontakt med naturen.&nbsp;<\/p>\n\n\n\n<p>N\u00e4r du f\u00e5r kontakt med naturen kommer du att uppleva den andlighet som finns d\u00e4r till din hj\u00e4lp. Allt runt omkring oss best\u00e5r av energier och varje enskild djurart har en funktion att fylla. En del djur s\u00f6rjer f\u00f6r jordning av energierna, andra har till uppgift att reglera energifl\u00f6det och \u00e5ter andra s\u00f6rjer f\u00f6r f\u00f6rbindelsen mellan den jordiska och den andliga sf\u00e4ren. Jag fj\u00e4llr\u00e4ven tillh\u00f6r den sista kategorin.<\/p>\n\n\n\n<p>N\u00e4r du beh\u00f6ver hj\u00e4lp att reglera din envishet, antingen bli mindre eller mer envis, ska du ta hj\u00e4lp av min energi. N\u00e4r du beh\u00f6ver hj\u00e4lp att se dina m\u00e5l, ta d\u00e5 hj\u00e4lp av min andliga energi som hj\u00e4lper dig att skingra dimman s\u00e5 att du kan se klart.<\/p>\n\n\n\n<p>Var g\u00e5ng du ser eller k\u00e4nner n\u00e5got varmt, mjuk och vitt , s\u00e5 ska du k\u00e4nna min Fj\u00e4llr\u00e4vens energi.<\/p>\n\n\n\n<p>\ud83d\udca7Den bl\u00e5a klanen st\u00e5r f\u00f6r: sj\u00e4len, hoppet, vatten, bl\u00e5tt, vinter, norr, sj\u00f6ar, hav, vattendrag, regn, sn\u00f6, is, fj\u00e4llet, analysera, fl\u00f6det, planera, avslut, vinterdvala\ud83d\udca7<\/p>\n\n\n\n<figure class=\"wp-block-image size-full\"><img loading=\"lazy\" decoding=\"async\" width=\"1024\" height=\"1024\" src=\"https:\/\/kraftdjur.com\/wp-content\/uploads\/2025\/03\/Fjallraven.jpeg\" alt=\"\" class=\"wp-image-347\" srcset=\"https:\/\/kraftdjur.com\/wp-content\/uploads\/2025\/03\/Fjallraven.jpeg 1024w, https:\/\/kraftdjur.com\/wp-content\/uploads\/2025\/03\/Fjallraven-300x300.jpeg 300w, https:\/\/kraftdjur.com\/wp-content\/uploads\/2025\/03\/Fjallraven-150x150.jpeg 150w, https:\/\/kraftdjur.com\/wp-content\/uploads\/2025\/03\/Fjallraven-768x768.jpeg 768w\" sizes=\"auto, (max-width: 1024px) 100vw, 1024px\" \/><\/figure>\n","protected":false},"excerpt":{"rendered":"<p>FJ\u00c4LLR\u00c4VEN &#8211; envis, m\u00e5lmedveten, andlig kontakt Fj\u00e4llr\u00e4ven sa: Vi Fj\u00e4llr\u00e4var \u00e4r b\u00e5de sm\u00e5 och s\u00e4llsynta. Vi \u00e4r bara ca 28 cm i mankh\u00f6jd och v\u00e4ger ca 2,5-5 kg. Vi \u00e4r &hellip; <\/p>\n","protected":false},"author":1,"featured_media":347,"comment_status":"open","ping_status":"open","sticky":false,"template":"","format":"standard","meta":{"footnotes":""},"categories":[18],"tags":[24],"class_list":["post-346","post","type-post","status-publish","format-standard","has-post-thumbnail","hentry","category-rovdjur","tag-blaa-klanen"],"_links":{"self":[{"href":"https:\/\/kraftdjur.com\/index.php\/wp-json\/wp\/v2\/posts\/346","targetHints":{"allow":["GET"]}}],"collection":[{"href":"https:\/\/kraftdjur.com\/index.php\/wp-json\/wp\/v2\/posts"}],"about":[{"href":"https:\/\/kraftdjur.com\/index.php\/wp-json\/wp\/v2\/types\/post"}],"author":[{"embeddable":true,"href":"https:\/\/kraftdjur.com\/index.php\/wp-json\/wp\/v2\/users\/1"}],"replies":[{"embeddable":true,"href":"https:\/\/kraftdjur.com\/index.php\/wp-json\/wp\/v2\/comments?post=346"}],"version-history":[{"count":2,"href":"https:\/\/kraftdjur.com\/index.php\/wp-json\/wp\/v2\/posts\/346\/revisions"}],"predecessor-version":[{"id":792,"href":"https:\/\/kraftdjur.com\/index.php\/wp-json\/wp\/v2\/posts\/346\/revisions\/792"}],"wp:featuredmedia":[{"embeddable":true,"href":"https:\/\/kraftdjur.com\/index.php\/wp-json\/wp\/v2\/media\/347"}],"wp:attachment":[{"href":"https:\/\/kraftdjur.com\/index.php\/wp-json\/wp\/v2\/media?parent=346"}],"wp:term":[{"taxonomy":"category","embeddable":true,"href":"https:\/\/kraftdjur.com\/index.php\/wp-json\/wp\/v2\/categories?post=346"},{"taxonomy":"post_tag","embeddable":true,"href":"https:\/\/kraftdjur.com\/index.php\/wp-json\/wp\/v2\/tags?post=346"}],"curies":[{"name":"wp","href":"https:\/\/api.w.org\/{rel}","templated":true}]}}