{"id":333,"date":"2025-03-26T14:20:33","date_gmt":"2025-03-26T13:20:33","guid":{"rendered":"https:\/\/kraftdjur.com\/?p=333"},"modified":"2025-07-12T18:25:26","modified_gmt":"2025-07-12T16:25:26","slug":"ugglan","status":"publish","type":"post","link":"https:\/\/kraftdjur.com\/index.php\/2025\/03\/26\/ugglan\/","title":{"rendered":"Ugglan\ud83c\udf4f"},"content":{"rendered":"\n<p><strong>UGGLAN &#8211; sl\u00e4ppa negativa tankar, visdom, f\u00f6rmedla kunskap<\/strong><\/p>\n\n\n\n<p>Ugglan sa:<\/p>\n\n\n\n<p>Sl\u00e4pp alla dina negativa tankar. Det \u00e4r dina egna tankar och din r\u00e4dsla f\u00f6r dig sj\u00e4lv som hindrar dig fr\u00e5n att vara den du vill vara. V\u00e5ga sl\u00e4ppa taget och flyga ut i det ok\u00e4nda m\u00f6rkret. Dina \u00f6gon kommer att v\u00e4nja sig och se klart, f\u00f6r egentligen finns det inget m\u00f6rker. Det \u00e4r dina negativa tankar och r\u00e4dslor som skapar ett m\u00f6rker f\u00f6r dig. N\u00e4r du ser p\u00e5 dig sj\u00e4lv med ugglans klokhet finns inget m\u00f6rker som skapar negativa tankar och r\u00e4dslor.<\/p>\n\n\n\n<p>Klok som en uggla, heter det och vi ugglor vet att anv\u00e4nda v\u00e5r klokhet och visdom till att g\u00f6ra gott genom att l\u00e4ra ut till andra. Det ska du ocks\u00e5 g\u00f6ra, l\u00e4ra ut bra och nyttig kunskap till andra.&nbsp;<\/p>\n\n\n\n<p>Vi ugglor har i alla tider ansetts magiska och det \u00e4r bland annat f\u00f6r att vi kan f\u00f6rflytta oss med total ljudl\u00f6shet. Du kan st\u00e5 helt stilla och titta p\u00e5 mig d\u00e4r jag sitter p\u00e5 en gren framf\u00f6r dig. Vid n\u00e5got tillf\u00e4lle n\u00e4r du blinkar lyfter jag och \u00e4r bort utan att du h\u00f6rt minsta ljud. Du st\u00e5r d\u00e4r och undrar om du dr\u00f6mt att du s\u00e5g mig, f\u00f6r s\u00e5 snabbt och ljudl\u00f6st kan v\u00e4l ingen levande varelse bara f\u00f6rsvinna n\u00e4r du blinkar? Jo, det kan vi ugglor. Det \u00e4r nog lite magi f\u00f6r vi ugglor st\u00e5r i n\u00e4ra f\u00f6rbindelse med m\u00e5nens magi. F\u00f6r h\u00e5ll med om att det \u00e4r magiskt om natten i fullt m\u00e5nsken.&nbsp;<\/p>\n\n\n\n<p>N\u00e4r du k\u00e4nner dig tyngd under negativa tankar och m\u00f6nster, t\u00e4nk d\u00e5 p\u00e5 mig, Ugglan, och min visdom och magi ska l\u00e4tta din b\u00f6rda och du ska se m\u00e5nens ljus lysa upp din v\u00e4g.<\/p>\n\n\n\n<p>\ud83c\udf4fDen gr\u00f6na klanen st\u00e5r f\u00f6r: kroppen, visdom, jord, gr\u00f6nt, h\u00f6st, v\u00e4ster, skogen, jorden, berget, stenar, det fysiska, agera, magk\u00e4nslan, g\u00f6ra praktiskt, v\u00e5rda, ge n\u00e4ring, ge liv, sk\u00f6rda\ud83c\udf4f<\/p>\n\n\n\n<figure class=\"wp-block-image size-full\"><img loading=\"lazy\" decoding=\"async\" width=\"1024\" height=\"1024\" src=\"https:\/\/kraftdjur.com\/wp-content\/uploads\/2025\/03\/Ugglan-1.jpg\" alt=\"\" class=\"wp-image-796\" srcset=\"https:\/\/kraftdjur.com\/wp-content\/uploads\/2025\/03\/Ugglan-1.jpg 1024w, https:\/\/kraftdjur.com\/wp-content\/uploads\/2025\/03\/Ugglan-1-300x300.jpg 300w, https:\/\/kraftdjur.com\/wp-content\/uploads\/2025\/03\/Ugglan-1-150x150.jpg 150w, https:\/\/kraftdjur.com\/wp-content\/uploads\/2025\/03\/Ugglan-1-768x768.jpg 768w\" sizes=\"auto, (max-width: 1024px) 100vw, 1024px\" \/><\/figure>\n","protected":false},"excerpt":{"rendered":"<p>UGGLAN &#8211; sl\u00e4ppa negativa tankar, visdom, f\u00f6rmedla kunskap Ugglan sa: Sl\u00e4pp alla dina negativa tankar. Det \u00e4r dina egna tankar och din r\u00e4dsla f\u00f6r dig sj\u00e4lv som hindrar dig fr\u00e5n &hellip; <\/p>\n","protected":false},"author":1,"featured_media":796,"comment_status":"open","ping_status":"open","sticky":false,"template":"","format":"standard","meta":{"footnotes":""},"categories":[9],"tags":[23],"class_list":["post-333","post","type-post","status-publish","format-standard","has-post-thumbnail","hentry","category-faglar","tag-grona-klanen"],"_links":{"self":[{"href":"https:\/\/kraftdjur.com\/index.php\/wp-json\/wp\/v2\/posts\/333","targetHints":{"allow":["GET"]}}],"collection":[{"href":"https:\/\/kraftdjur.com\/index.php\/wp-json\/wp\/v2\/posts"}],"about":[{"href":"https:\/\/kraftdjur.com\/index.php\/wp-json\/wp\/v2\/types\/post"}],"author":[{"embeddable":true,"href":"https:\/\/kraftdjur.com\/index.php\/wp-json\/wp\/v2\/users\/1"}],"replies":[{"embeddable":true,"href":"https:\/\/kraftdjur.com\/index.php\/wp-json\/wp\/v2\/comments?post=333"}],"version-history":[{"count":2,"href":"https:\/\/kraftdjur.com\/index.php\/wp-json\/wp\/v2\/posts\/333\/revisions"}],"predecessor-version":[{"id":797,"href":"https:\/\/kraftdjur.com\/index.php\/wp-json\/wp\/v2\/posts\/333\/revisions\/797"}],"wp:featuredmedia":[{"embeddable":true,"href":"https:\/\/kraftdjur.com\/index.php\/wp-json\/wp\/v2\/media\/796"}],"wp:attachment":[{"href":"https:\/\/kraftdjur.com\/index.php\/wp-json\/wp\/v2\/media?parent=333"}],"wp:term":[{"taxonomy":"category","embeddable":true,"href":"https:\/\/kraftdjur.com\/index.php\/wp-json\/wp\/v2\/categories?post=333"},{"taxonomy":"post_tag","embeddable":true,"href":"https:\/\/kraftdjur.com\/index.php\/wp-json\/wp\/v2\/tags?post=333"}],"curies":[{"name":"wp","href":"https:\/\/api.w.org\/{rel}","templated":true}]}}